{"id":803659,"date":"2026-02-17T04:30:38","date_gmt":"2026-02-17T04:30:38","guid":{"rendered":"https:\/\/www.europesays.com\/de\/803659\/"},"modified":"2026-02-17T04:30:38","modified_gmt":"2026-02-17T04:30:38","slug":"rosenmontagsumzug-in-muenster-antenne-muenster","status":"publish","type":"post","link":"https:\/\/www.europesays.com\/de\/803659\/","title":{"rendered":"Rosenmontagsumzug in M\u00fcnster &#8211; Antenne M\u00fcnster"},"content":{"rendered":"<p>v.l.n.r.: ANTENNE M\u00dcNSTER-Chefreporter Matthias Menne, der Pr\u00e4sident des B\u00fcrgerausschusses M\u00fcnsterscher Karneval (BMK) Thorsten Brendel, Oberb\u00fcrgermeister Tilman Fuchs und ANTENNE M\u00dcNSTER-Reporterin Lena Zils. <\/p>\n<p>Im Newsticker und auf unserem Instagram-Account erhaltet ihr Eindr\u00fccke vom Rosenmontagszug. <\/p>\n<p>Was erwartet uns beim Rosenmontagsumzug?<\/p>\n<p>Rund 120 Gruppen zogen durch die Stra\u00dfen M\u00fcnsters, warfen S\u00fc\u00dfigkeiten und machen ordentlich Stimmung. Darunter \u00fcber 70 Wagen und auch Musikkapellen. Mit dabei waren auch wieder die bunten, phantasievollen Wagen aus dem niederl\u00e4ndischen Losser.<\/p>\n<p>Wann geht&#8217;s los?<\/p>\n<p>Der Umzug hat sich um 12:11 Uhr am Schlossplatz in Bewegung gesetzt. Gegen 13 Uhr ist der Umzug an der Familienzone angekommen. Und gegen 15:30 Uhr war er auf dem Prinzipalmarkt.<\/p>\n<p>Welche Strecke nimmt der Rosenmontagsumzug?<\/p>\n<p>Die vier Kilometer lange Strecke ist am Schlossplatz gestartet und f\u00fchrte dann \u00fcber die \u00dcberwasserstra\u00dfe, die Bergstra\u00dfe und den B\u00fclt bis zur Eisenbahnstra\u00dfe. Dann bog der Umzug in die Salzstra\u00dfe und f\u00fchrte \u00fcber Stubengasse und Windthorststra\u00dfe zur\u00fcck zur Engelenschanze. \u00dcber die Ludgeristra\u00dfe wurde dann der Prinzipalmarkt erreicht, ehe sich der Umzug dann an der \u00dcberwasserkirche vorbei zur\u00fcck zum Schlossplatz bewegte.<\/p>\n<p><a href=\"https:\/\/www.antennemuenster.de\/externalimages\/?source=jpg837\/313685p.jpg&amp;dt=202601301344210&amp;resize=1280x853\" data-caption=\"Am Rosenmontag gibt es in der Innenstadt verschiedene Servicepunkte und Sicherheitszonen.&#010;&#010;\" itemprop=\"contentUrl\" data-size=\"1280x853\" rel=\"nofollow noopener\" target=\"_blank\"><img decoding=\"async\" alt=\"Am Rosenmontag gibt es in der Innenstadt verschiedene Servicepunkte und Sicherheitszonen.\" src=\"https:\/\/www.europesays.com\/de\/wp-content\/uploads\/2026\/02\/1771302634_538_313685p.jpg&#038;crop=0x0x3000x1875&#038;resize=1280x800&#038;dt=202601301344210.jpeg\" data-size=\"1280x800\"\/><\/a>Am Rosenmontag gibt es in der Innenstadt verschiedene Servicepunkte und Sicherheitszonen.<\/p>\n<p>\u00a9 Stadt M\u00fcnster<\/p>\n<p>Am Rosenmontag gibt es in der Innenstadt verschiedene Servicepunkte und Sicherheitszonen.<\/p>\n<p>\u00a9 Stadt M\u00fcnsterWo geht die meiste Party?<\/p>\n<p>Am meisten los ist auf dem Prinzipalmarkt. Hier gab es schon seit 12 Uhr die passende Musik, Bierst\u00e4nde und Essensbuden. Der Umzug kam hier gegen 15:30 Uhr an.<\/p>\n<p><a href=\"https:\/\/www.antennemuenster.de\/externalimages\/?source=jpg732\/prinzipalmarkt.jpg&amp;dt=202602131219070&amp;resize=1280x960\" data-caption=\"\" itemprop=\"contentUrl\" data-size=\"1280x960\" rel=\"nofollow noopener\" target=\"_blank\"><img decoding=\"async\" alt=\"\" src=\"https:\/\/www.europesays.com\/de\/wp-content\/uploads\/2026\/02\/1771302635_980_prinzipalmarkt.jpg&#038;crop=0x714x5712x3570&#038;resize=1280x800&#038;dt=202602131219070.jpeg\" data-size=\"1280x800\"\/><\/a>\u00a9 ANTENNE M\u00dcNSTER \/ Anna Bogatzki\u00a9 ANTENNE M\u00dcNSTER \/ Anna BogatzkiGibt es den Umzug auch im Radio?<\/p>\n<p>Na klar! Auch in diesem Jahr haben die ANTENNE M\u00dcNSTER Reporter:innen Lena Zils und Matthias Menne wieder vom Sentenzbogen am Prinzipalmarkt berichtet und versorgten euch mit Infos und spannenden Geschichten rund um den Rosenmontagsumzug.<\/p>\n<p><a href=\"https:\/\/www.antennemuenster.de\/externalimages\/?source=jpg843\/img_3022.jpeg&amp;dt=202602161313490&amp;resize=960x1280\" data-caption=\"ANTENNE M\u00dcNSTER-Chefreporter Matthias Menne und ANTENNE M\u00dcNSTER-Reporterin Lena Zils berichten heute (16.02.) live vom Sentenzbogen vom Rosenmontagszug. \" itemprop=\"contentUrl\" data-size=\"960x1280\" rel=\"nofollow noopener\" target=\"_blank\"><img decoding=\"async\" alt=\"ANTENNE M\u00dcNSTER-Chefreporter Matthias Menne und ANTENNE M\u00dcNSTER-Reporterin Lena Zils berichten heute (16.02.) live vom Sentenzbogen vom Rosenmontagszug. \" src=\"https:\/\/www.europesays.com\/de\/wp-content\/uploads\/2026\/02\/img_3022.jpeg&#038;crop=0x1075x3024x1890&#038;resize=1280x800&#038;dt=202602161313490.jpeg\" data-size=\"1280x800\"\/><\/a>ANTENNE M\u00dcNSTER-Chefreporter Matthias Menne und ANTENNE M\u00dcNSTER-Reporterin Lena Zils berichten heute (16.02.) live vom Sentenzbogen vom Rosenmontagszug. \u00a9 ANTENNE M\u00dcNSTER <\/p>\n<p>ANTENNE M\u00dcNSTER-Chefreporter Matthias Menne und ANTENNE M\u00dcNSTER-Reporterin Lena Zils berichten heute (16.02.) live vom Sentenzbogen vom Rosenmontagszug. <\/p>\n<p>\u00a9 ANTENNE M\u00dcNSTER Gibt es wieder eine Familienzone? <\/p>\n<p>Ja! Die familienfreundliche Zone befand sich zwischen der Bushaltestelle Engelenschanze und der Abzweigung zur Schorlemerstra\u00dfe und wurde durch Plakate und Banner klar gekennzeichnet. Innerhalb des Abschnitts waren E-Zigaretten (die sogenannten Vapes), Tabakzigaretten, Joints und alkoholische Getr\u00e4nke tabu. Einige B\u00e4nke im Areal konnten als provisorischer Wickeltisch genutzt werden, au\u00dferdem standen Toilettenh\u00e4uschen in der N\u00e4he der Bushaltestelle Engelenschanze. Der Rosenmontagszug hat den familienfreundlichen Bereich gegen etwa 13 Uhr erreicht. Die vorbeifahrenden Karnevalist:innen haben in der familienfreundlichen Zone in diesem Jahr besonders viele S\u00fc\u00dfigkeiten geworfen.<\/p>\n<p>Komme ich mit dem Auto in die Innenstadt? <\/p>\n<p>Schon bevor sich der Umzug in Bewegung setzte, wurden in der Innenstadt viele Stra\u00dfen und Pl\u00e4tze f\u00fcr den motorisierten Verkehr gesperrt. Ab 8 Uhr stellten sich die Teilnehmenden auf dem Schlossplatz auf, ab 9 Uhr kamen Autofahrer:innen nicht mehr in die Stra\u00dfe Schlossplatz rein. Der Prinzipalmarkt wird voraussichtlich bis 19 Uhr gesperrt sein. Alle anderen Stra\u00dfen, die an der Zugstrecke liegen, sind inzwischen wieder frei. <\/p>\n<p>Wie kann ich dennoch mit dem Auto anreisen?<\/p>\n<p>Die Parkh\u00e4user rund um den Bahnhof hatten ge\u00f6ffnet, ebenso wie die P+R Parkpl\u00e4tze Preu\u00dfenstadion, Weseler Stra\u00dfe, Nieberdingstra\u00dfe und Coesfelder Kreuz. <\/p>\n<p>Fahren die Busse? <\/p>\n<p>Fast alle Stadt-, Regional- und Schnellbusse sind auf Umleitungen ausgewichen. Der Hauptbahnhof wurde den ganzen Tag \u00fcber angefahren. Ab 8 Uhr wurden der Schlossplatz, ab 9 Uhr die Innenstadt rund um den Prinzipalmarkt gesperrt.\u00a0Ab 11 Uhr folgten weitere zentrale Bereiche wie B\u00fclt, Ludgeriplatz und K\u00f6nigsstra\u00dfe. Au\u00dferdem wurden die Eisenbahn- und die F\u00fcrstenbergstra\u00dfe gesperrt. F\u00fcr Fahrg\u00e4ste ab Eisenbahnstra\u00dfe richteten die Stadtwerke eine Ersatzhaltestelle in der Friedrichstra\u00dfe auf H\u00f6he Johanniterstra\u00dfe ein. F\u00fcr die Haltestelle Ludgeriplatz befand sich eine Ersatzhaltestelle auf der Hafenstra\u00dfe zwischen S\u00fcd- und Graelstra\u00dfe. Innerhalb der Umleitungen wurden au\u00dferdem alle regul\u00e4ren Haltestellen angefahren. Nach Zugende stehen die Haltestellen B\u00fclt, Eisenbahnstra\u00dfe und Ludgeriplatz wieder zur Verf\u00fcgung, ab voraussichtlich etwa 19 Uhr auch der Schlossplatz und die Haltestellen in der Innenstadt. <\/p>\n<p>Besteht ein Glasverbot?<\/p>\n<p>Das Glasverbot besteht am Rosenmontag ganzt\u00e4gig im Bereich der Kreuzung Alter Steinweg \/ Asche \/ Julius-Voos-Gasse sowie der B\u00fcchereigasse und des Alfred-Flechtheim-Platzes. Auch auf der Fl\u00e4che zwischen dem Kiffe-Pavillon und den angrenzenden Restaurants gilt das Glasverbot.<\/p>\n<p>Und nach dem Umzug?<\/p>\n<p>Wer m\u00f6chte, kann dann noch weiter feiern! In zahlreichen Bars und Kneipen in M\u00fcnster geht die Party einfach weiter. Die meisten davon haben auch schon vor dem Rosenmontagsumzug ge\u00f6ffnet. <\/p>\n<p>Und wenn man zu tief ins Glas geschaut hat? <\/p>\n<p>Das &#8222;Voll ist out&#8220;-Zelt steht im Rathausinnenhof wie gewohnt neben dem Zelt des Deutschen Roten Kreuzes (DRK). Es bietet einerseits eine Anlaufstelle f\u00fcr Jugendliche, um sich bei Hei\u00dfgetr\u00e4nken, Wasser und Snacks aufzuw\u00e4rmen, bietet aber auch Unterst\u00fctzung, falls sich jemand unwohl f\u00fchlt oder so viel Alkohol getrunken hat, dass er oder sie betreut werden muss.<\/p>\n<p>Gibt es ein Awareness-Team? <\/p>\n<p>Ein st\u00e4dtisches Awareness-Team im Stra\u00dfenkarneval ist als Ansprechpartner unterwegs, wenn Menschen sich unwohl f\u00fchlen, weil sie zum Beispiel eine Diskriminierung oder einen \u00dcbergriff erfahren haben. Das Team ist bis 21 Uhr im Einsatz und an pinken Westen mit der Aufschrift &#8222;Awareness&#8220; erkennbar. Die Anlaufstelle des Teams befindet sich im Stadthaus 1 links neben dem Haupteingang und der Tourist-Information (Heinrich-Br\u00fcning-Stra\u00dfe 7). Au\u00dferdem k\u00f6nnen Hilfesuchende sich unter der Mobilnummer 0175 \/ 25 29 125 melden.<\/p>\n<p>Bilanz der Feuerwehr<\/p>\n<p>Die Feuerwehr M\u00fcnster und zahlreiche Ehrenamtliche haben beim Rosenmontagszug f\u00fcr Sicherheit gesorgt. Wie es in einer Pressemitteilung hei\u00dft, wurde 50 Mal medizinische Hilfe geleistet. 15 Menschen mussten demnach ins Krankenhaus transportiert werden. Die Feuerwehr arbeitete mit dem &#8222;Voll ist out&#8220;-Team der Stadt zusammen, der Aktion &#8222;Luisa ist hier&#8220; des Frauen-Notrufs und dem Awareness-Team.<\/p>\n","protected":false},"excerpt":{"rendered":"v.l.n.r.: ANTENNE M\u00dcNSTER-Chefreporter Matthias Menne, der Pr\u00e4sident des B\u00fcrgerausschusses M\u00fcnsterscher Karneval (BMK) Thorsten Brendel, Oberb\u00fcrgermeister Tilman Fuchs und&hellip;\n","protected":false},"author":2,"featured_media":803660,"comment_status":"","ping_status":"","sticky":false,"template":"","format":"standard","meta":{"footnotes":"","_share_on_mastodon":"0"},"categories":[1843],"tags":[5677,13204,29735,3364,29,30,8970,1209],"class_list":["post-803659","post","type-post","status-publish","format-standard","has-post-thumbnail","category-muenster","tag-munster","tag-karneval","tag-rosenmontag","tag-de","tag-deutschland","tag-germany","tag-muenster","tag-nordrhein-westfalen"],"share_on_mastodon":{"url":"https:\/\/pubeurope.com\/@de\/116084095550292439","error":""},"_links":{"self":[{"href":"https:\/\/www.europesays.com\/de\/wp-json\/wp\/v2\/posts\/803659","targetHints":{"allow":["GET"]}}],"collection":[{"href":"https:\/\/www.europesays.com\/de\/wp-json\/wp\/v2\/posts"}],"about":[{"href":"https:\/\/www.europesays.com\/de\/wp-json\/wp\/v2\/types\/post"}],"author":[{"embeddable":true,"href":"https:\/\/www.europesays.com\/de\/wp-json\/wp\/v2\/users\/2"}],"replies":[{"embeddable":true,"href":"https:\/\/www.europesays.com\/de\/wp-json\/wp\/v2\/comments?post=803659"}],"version-history":[{"count":0,"href":"https:\/\/www.europesays.com\/de\/wp-json\/wp\/v2\/posts\/803659\/revisions"}],"wp:featuredmedia":[{"embeddable":true,"href":"https:\/\/www.europesays.com\/de\/wp-json\/wp\/v2\/media\/803660"}],"wp:attachment":[{"href":"https:\/\/www.europesays.com\/de\/wp-json\/wp\/v2\/media?parent=803659"}],"wp:term":[{"taxonomy":"category","embeddable":true,"href":"https:\/\/www.europesays.com\/de\/wp-json\/wp\/v2\/categories?post=803659"},{"taxonomy":"post_tag","embeddable":true,"href":"https:\/\/www.europesays.com\/de\/wp-json\/wp\/v2\/tags?post=803659"}],"curies":[{"name":"wp","href":"https:\/\/api.w.org\/{rel}","templated":true}]}}