{"id":803816,"date":"2026-02-17T05:59:13","date_gmt":"2026-02-17T05:59:13","guid":{"rendered":"https:\/\/www.europesays.com\/de\/803816\/"},"modified":"2026-02-17T05:59:13","modified_gmt":"2026-02-17T05:59:13","slug":"nach-polizeischuss-auf-junges-maedchen-in-bochum-ermittlungen-dauern-noch","status":"publish","type":"post","link":"https:\/\/www.europesays.com\/de\/803816\/","title":{"rendered":"Nach Polizeischuss auf junges M\u00e4dchen in Bochum: Ermittlungen dauern noch"},"content":{"rendered":"<p id=\"absatz1\" class=\"em_text\">Bochum (dpa). Drei Monate, nachdem die Polizei auf ein geh\u00f6rloses zw\u00f6lfj\u00e4hriges M\u00e4dchen in Bochum geschossen hat, ist ein Ende der Ermittlungen nicht absehbar. Derzeit werde unter anderem der Funkverkehr der Beamten w\u00e4hrend des Einsatzes ausgewertet, sagte ein Sprecher der Staatsanwaltschaft. \u201eMit Blick auf den Umfang der Ermittlungen k\u00f6nnen wir keinen zeitnahen Abschluss in Aussicht stellen.\u201c<\/p>\n<p id=\"absatz2\" class=\"em_text\">Die Zw\u00f6lfj\u00e4hrige hatte bei dem Polizeieinsatz in der Nacht zum 17. November einen Durchschuss in der Brust erlitten und schwebte zeitweise in Lebensgefahr. Mehrmals musste sie operiert werden. Die Polizisten hatten nach Angaben der Ermittler einen Messerangriff durch das Kind bef\u00fcrchtet und deshalb zu ihren Waffen gegriffen.<\/p>\n<p id=\"absatz3\" class=\"em_text\">Gegen den Polizisten, der mit seiner Dienstwaffe geschossen hat, laufen Ermittlungen wegen versuchten Totschlags. Gegen den Kollegen, der seinen Taser gegen die Zw\u00f6lfj\u00e4hrige einsetzte, wird wegen gef\u00e4hrlicher K\u00f6rperverletzung ermittelt. Die beiden Beamten seien aber wieder im Dienst, sagte ein Polizeisprecher.<\/p>\n<p>Sucheinsatz eskalierte dramatisch<\/p>\n<p class=\"em_text\">Die Beamten waren ausger\u00fcckt, weil die Zw\u00f6lfj\u00e4hrige in ihrer Wohngruppe f\u00fcr geh\u00f6rlose Kinder und Jugendliche in M\u00fcnster vermisst wurde und dringend ein Medikament einnehmen musste. Schlie\u00dflich war klar, dass die Zw\u00f6lfj\u00e4hrige zu ihrer Mutter nach Bochum gefahren war.<\/p>\n<p id=\"absatz5\"><b class=\"bold\">Lesen Sie auch:<\/b> <a href=\"https:\/\/www.nw.de\/lokal\/bielefeld\/mitte\/24246257_Mordkommission-ermittelt-Bielefelder-30-soll-Kind-fast-totgefahren-haben.html\" rel=\"nofollow noopener\" target=\"_blank\">Mordkommission ermittelt: Bielefelder (30) soll Kind fast totgefahren haben<\/a><\/p>\n<p id=\"absatz6\" class=\"em_text\">Dort eskalierte der Einsatz schlie\u00dflich: Mitten in der Nacht brachten die Beamten die ebenfalls geh\u00f6rlose Mutter des M\u00e4dchens zu Boden und fixierten sie. Kurz danach erschien nach fr\u00fcheren Angaben des nordrhein-westf\u00e4lischen Innenministeriums die Zw\u00f6lfj\u00e4hrige mit zwei Messern in der Hand. Daraufhin sei der folgenschwere Schuss gefallen. Der Fall hatte intensive Diskussionen \u00fcber die Ausbildung der Einsatzkr\u00e4fte bei Eins\u00e4tzen bei Geh\u00f6rlosen ausgel\u00f6st.<\/p>\n<p id=\"absatz7\"><b class=\"bold\">Zum Thema:<\/b> <a href=\"https:\/\/www.nw.de\/nachrichten\/zwischen_weser_und_rhein\/24215854_Polizei-schiesst-gehoerloses-Maedchen-12-in-Bochum-nieder-Zustand-des-Kindes-ist-kritisch.html\" rel=\"nofollow noopener\" target=\"_blank\">Polizei schie\u00dft geh\u00f6rloses M\u00e4dchen (12) in Bochum nieder \u2013 Zustand des Kindes ist kritisch <\/a><\/p>\n<p>Anwalt des M\u00e4dchens hat viele offene Fragen<\/p>\n<p id=\"absatz8\" class=\"em_text\">Der Anwalt des M\u00e4dchens versucht, die Zw\u00f6lfj\u00e4hrige so gut wie m\u00f6glich aus der \u00d6ffentlichkeit herauszuhalten. Auch Fragen zum aktuellen Gesundheitszustand seiner Mandantin beantwortet Sim\u00f3n Barrera Gonz\u00e1lez deshalb nicht. Er warte nun auf den Abschluss der Ermittlungen &#8211; bis dahin habe er als Opferanwalt auch keine Einsicht in die Akten, sagte er.<\/p>\n<p id=\"absatz9\" class=\"em_text\">Gonz\u00e1lez geht aber weiterhin davon aus, dass die Polizisten nicht h\u00e4tten schie\u00dfen m\u00fcssen. \u201eSie hatte ein Messer in der Hand, aber es war nicht auf die Polizei gerichtet. Es gab auch kein aktives Zugehen auf die Polizei\u201c, betonte der Anwalt. Die geh\u00f6rlose Zw\u00f6lfj\u00e4hrige sei in Panik gewesen, weil sie \u00fcberhaupt nicht richtig verstanden habe, wer da an der T\u00fcr ist.<\/p>\n","protected":false},"excerpt":{"rendered":"Bochum (dpa). Drei Monate, nachdem die Polizei auf ein geh\u00f6rloses zw\u00f6lfj\u00e4hriges M\u00e4dchen in Bochum geschossen hat, ist ein&hellip;\n","protected":false},"author":2,"featured_media":803817,"comment_status":"","ping_status":"","sticky":false,"template":"","format":"standard","meta":{"footnotes":"","_share_on_mastodon":"0"},"categories":[1839],"tags":[7507,3364,29,587,30,16379,734,4282,164252,16384,1613,1209,121,181007,16264,10123,1997],"class_list":["post-803816","post","type-post","status-publish","format-standard","has-post-thumbnail","category-bochum","tag-bochum","tag-de","tag-deutschland","tag-ermittlung","tag-germany","tag-krperverletzung","tag-meta_artikelklasse_nachricht","tag-meta_copyrights_dpa","tag-meta_eo_zusammenfassung","tag-meta_themen_blaulicht_sicherheit","tag-meta_userneeds_informieremich","tag-nordrhein-westfalen","tag-polizei","tag-polizeikugel","tag-polizeischuss","tag-serie_nlmittagsnotiz","tag-staatsanwaltschaft"],"share_on_mastodon":{"url":"https:\/\/pubeurope.com\/@de\/116084445430184949","error":""},"_links":{"self":[{"href":"https:\/\/www.europesays.com\/de\/wp-json\/wp\/v2\/posts\/803816","targetHints":{"allow":["GET"]}}],"collection":[{"href":"https:\/\/www.europesays.com\/de\/wp-json\/wp\/v2\/posts"}],"about":[{"href":"https:\/\/www.europesays.com\/de\/wp-json\/wp\/v2\/types\/post"}],"author":[{"embeddable":true,"href":"https:\/\/www.europesays.com\/de\/wp-json\/wp\/v2\/users\/2"}],"replies":[{"embeddable":true,"href":"https:\/\/www.europesays.com\/de\/wp-json\/wp\/v2\/comments?post=803816"}],"version-history":[{"count":0,"href":"https:\/\/www.europesays.com\/de\/wp-json\/wp\/v2\/posts\/803816\/revisions"}],"wp:featuredmedia":[{"embeddable":true,"href":"https:\/\/www.europesays.com\/de\/wp-json\/wp\/v2\/media\/803817"}],"wp:attachment":[{"href":"https:\/\/www.europesays.com\/de\/wp-json\/wp\/v2\/media?parent=803816"}],"wp:term":[{"taxonomy":"category","embeddable":true,"href":"https:\/\/www.europesays.com\/de\/wp-json\/wp\/v2\/categories?post=803816"},{"taxonomy":"post_tag","embeddable":true,"href":"https:\/\/www.europesays.com\/de\/wp-json\/wp\/v2\/tags?post=803816"}],"curies":[{"name":"wp","href":"https:\/\/api.w.org\/{rel}","templated":true}]}}