{"id":803884,"date":"2026-02-17T06:38:13","date_gmt":"2026-02-17T06:38:13","guid":{"rendered":"https:\/\/www.europesays.com\/de\/803884\/"},"modified":"2026-02-17T06:38:13","modified_gmt":"2026-02-17T06:38:13","slug":"hamburger-museum-soll-an-sturmflut-katastrophe-1962-erinnern-2","status":"publish","type":"post","link":"https:\/\/www.europesays.com\/de\/803884\/","title":{"rendered":"Hamburger Museum soll an Sturmflut-Katastrophe 1962 erinnern"},"content":{"rendered":"<p _ngcontent-sc113=\"\"> 17. Februar 2026 \u2013 Isabell W\u00fcppenhorst <\/p>\n<p _ngcontent-sc113=\"\">An die Sturmflut-Katastrophe von 1962 erinnert in\u00a0Hamburg\u00a0bislang nur wenig. Das soll sich \u00e4ndern. Ein Museum im Stadtteil Wilhelmsburg nimmt Gestalt an.<\/p>\n<p _ngcontent-sc85=\"\" align=\"false\">Das Gedenken an die verheerende Sturmflut von 1962 bekommt in Hamburg einen festen Ort. Eine Dauerausstellung im Museum Elbinsel Wilhelmsburg soll den Besuchern erkl\u00e4ren, wie es zu der Katastrophe kam und welche Lehren daraus gezogen wurden. Au\u00dferdem sollen die besonderen Gefahren von Natur- und Klimakatastrophen f\u00fcr Wilhelmsburg vermittelt werden. Erstmals fand das allj\u00e4hrliche Gedenken an die 315 Menschen, die in der Nacht vom 16. auf den 17. Februar 1962 ums Leben kamen, vor dem Museum statt.<\/p>\n<p _ngcontent-sc85=\"\" align=\"false\">Im M\u00e4rz 2021 hatte der Senat beschlossen, das historische Geb\u00e4ude zu sanieren und um die Ausstellung als neuen Schwerpunkt zu erweitern. Der Abschluss des Projekts ist f\u00fcr dieses Jahr geplant, wie es von dem st\u00e4dtischen Immobilienunternehmen Sprinkenhof hie\u00df. Urspr\u00fcnglich war von 2025 die Rede gewesen.<\/p>\n<p _ngcontent-sc85=\"\" align=\"false\">Das von einem Verein betriebene Heimatmuseum wurde im Jahr 1907 gegr\u00fcndet und ist seit mehr als 50 Jahren in einem historischen Amtshaus von 1724 untergebracht. Das denkmalgesch\u00fctzte Geb\u00e4ude wurde in den vergangenen Jahren f\u00fcr rund sechs Millionen Euro saniert. Die Gesamtkosten des Projekts werden \u00fcber sieben Millionen Euro betragen, sagte Finanz- und Bezirkssenator Andreas Dressel (SPD). Das Erdgeschoss ist bereits im Rohbau fertig.<\/p>\n<p>Helmut Schmidt rief Hubschrauberstaffel zu Hilfe<\/p>\n<p _ngcontent-sc85=\"\" align=\"false\">In der Nacht vor 64 Jahren waren die Deiche gebrochen, ein Sechstel der Hamburger Stadtfl\u00e4che wurde \u00fcberschwemmt. Allein auf der Insel Wilhelmsburg starben mehr als 200 Menschen, viele davon Bewohner von Behelfsunterk\u00fcnften, die nach Kriegsende errichtet worden waren. Der damalige Hamburger Innensenator Helmut Schmidt (1918-2015) rief eine Hubschrauberstaffel der Nato zu Hilfe, obwohl das Grundgesetz einen solchen Einsatz eigentlich nicht erlaubte. Die Soldaten retteten Menschen von D\u00e4chern und transportierten Lebensmittel zu den Flutopfern.<\/p>\n<p _ngcontent-sc85=\"\" align=\"false\">&#8222;Die verheerende Flutkatastrophe hat sich in das kollektive Ged\u00e4chtnis unserer Stadt fest eingebrannt&#8220;, sagte Dressel. Es sei die schlimmste Katastrophe in Hamburg nach dem Zweiten Weltkrieg gewesen. Der Vorsitzende des Regionalausschusses f\u00fcr Wilhelmsburg in der Bezirksversammlung Mitte, Michael Weinreich, sagte: &#8222;Ich bin sehr gl\u00fccklich, dass unser Gedenken nun durch die Sanierung des historischen Amtshauses einen dauerhaften und festen Ort im Herzen der Elbinsel erh\u00e4lt.&#8220; Bislang fand das allj\u00e4hrliche Gedenken an einem Mahnmal in Wilhelmsburg statt, das mehrfach seinen Standort wechseln musste. Nun soll das 1983 von Franz Soethe geschaffene Denkmal &#8222;Die Woge&#8220; nach Angaben des Vereins am Museum aufgestellt werden.<\/p>\n<p>Weitere News On Air<\/p>\n<p _ngcontent-sc85=\"\" align=\"false\">Weitere Nachrichten aus Hamburg, Deutschland und der Welt h\u00f6rt ihr immer zur vollen Stunde bei uns im Programm. Holt euch einfach unsere <a _ngcontent-sc132=\"\" href=\"https:\/\/www.radiohamburg.de\/programm\/frequenzen\/Streamen-%C3%BCber-die-App-id388032.html\" rel=\"nofollow noopener\" target=\"_blank\">kostenlose App<\/a>, h\u00f6rt uns \u00fcber euren <a _ngcontent-sc132=\"\" href=\"https:\/\/www.radiohamburg.de\/programm\/frequenzen\/Alexa-spiele-Radio-Hamburg-id387722.html\" rel=\"nofollow noopener\" target=\"_blank\">Smartspeaker<\/a> oder schaltet mit einem Klick unten auf den Playbutton das Webradio ein. Zum Nachh\u00f6ren gibt&#8217;s das Ganze nat\u00fcrlich auch noch mal als <a _ngcontent-sc132=\"\" href=\"https:\/\/www.radiohamburg.de\/hoeren\/podcasts\/Radio-Hamburg-Nachrichten-id388455.html\" rel=\"nofollow noopener\" target=\"_blank\">Podcastangebot<\/a>.<\/p>\n<p><img decoding=\"async\" _ngcontent-sc129=\"\" class=\"\" src=\"https:\/\/www.europesays.com\/de\/wp-content\/uploads\/2025\/04\/app.jpg\" alt=\"App, App Store, iOS, Play Store, Google\" title=\"App, App Store, iOS, Play Store, Google\"\/><\/p>\n<p>Foto: Bloomicon \/ Shutterstock.com<\/p>\n<p> F\u00fcr iOS &amp; Android <\/p>\n<p>Holt euch die kostenlose Radio Hamburg App<\/p>\n<p _ngcontent-sc85=\"\" align=\"false\">H\u00f6rt uns an jedem Ort auf der Welt in bester Qualit\u00e4t &amp; st\u00f6rungsfrei \u00fcber unsere kostenlose App. Holt sie euch jetzt f\u00fcr Android oder iOS.<\/p>\n","protected":false},"excerpt":{"rendered":"17. Februar 2026 \u2013 Isabell W\u00fcppenhorst An die Sturmflut-Katastrophe von 1962 erinnert in\u00a0Hamburg\u00a0bislang nur wenig. Das soll sich&hellip;\n","protected":false},"author":2,"featured_media":482094,"comment_status":"","ping_status":"","sticky":false,"template":"","format":"standard","meta":{"footnotes":"","_share_on_mastodon":"0"},"categories":[1826],"tags":[29,30,692,2667,181020,181022,181023,108754,181021,2778],"class_list":["post-803884","post","type-post","status-publish","format-standard","has-post-thumbnail","category-hamburg","tag-deutschland","tag-germany","tag-hamburg","tag-hamburg-museen","tag-hamburger-museum","tag-musuem-hamburg","tag-stadtteil-wilhelmsburg","tag-sturmflut","tag-sturmflut-katastrophe","tag-wilhelmsburg"],"share_on_mastodon":{"url":"https:\/\/pubeurope.com\/@de\/116084598747904346","error":""},"_links":{"self":[{"href":"https:\/\/www.europesays.com\/de\/wp-json\/wp\/v2\/posts\/803884","targetHints":{"allow":["GET"]}}],"collection":[{"href":"https:\/\/www.europesays.com\/de\/wp-json\/wp\/v2\/posts"}],"about":[{"href":"https:\/\/www.europesays.com\/de\/wp-json\/wp\/v2\/types\/post"}],"author":[{"embeddable":true,"href":"https:\/\/www.europesays.com\/de\/wp-json\/wp\/v2\/users\/2"}],"replies":[{"embeddable":true,"href":"https:\/\/www.europesays.com\/de\/wp-json\/wp\/v2\/comments?post=803884"}],"version-history":[{"count":0,"href":"https:\/\/www.europesays.com\/de\/wp-json\/wp\/v2\/posts\/803884\/revisions"}],"wp:featuredmedia":[{"embeddable":true,"href":"https:\/\/www.europesays.com\/de\/wp-json\/wp\/v2\/media\/482094"}],"wp:attachment":[{"href":"https:\/\/www.europesays.com\/de\/wp-json\/wp\/v2\/media?parent=803884"}],"wp:term":[{"taxonomy":"category","embeddable":true,"href":"https:\/\/www.europesays.com\/de\/wp-json\/wp\/v2\/categories?post=803884"},{"taxonomy":"post_tag","embeddable":true,"href":"https:\/\/www.europesays.com\/de\/wp-json\/wp\/v2\/tags?post=803884"}],"curies":[{"name":"wp","href":"https:\/\/api.w.org\/{rel}","templated":true}]}}