{"id":803912,"date":"2026-02-17T06:55:11","date_gmt":"2026-02-17T06:55:11","guid":{"rendered":"https:\/\/www.europesays.com\/de\/803912\/"},"modified":"2026-02-17T06:55:11","modified_gmt":"2026-02-17T06:55:11","slug":"windows-11-erste-handgriffe-nach-dem-umstieg","status":"publish","type":"post","link":"https:\/\/www.europesays.com\/de\/803912\/","title":{"rendered":"Windows 11: Erste Handgriffe nach dem Umstieg"},"content":{"rendered":"<ol class=\"a-toc__list\">\n<li class=\"a-toc__item&#10;          &#10;            a-toc__item--counter&#10;          &#10;            a-toc__item--current\">\n<p>              Windows 11: Erste Handgriffe nach dem Umstieg<\/p>\n<\/li>\n<li class=\"a-toc__item&#10;          &#10;            a-toc__item--counter&#10;          \">\n<p>              Lass andere vor!<\/p>\n<\/li>\n<\/ol>\n<p>Sagen wir, wie es ist: Windows 11 ist erfreulich ausgereift, zumindest soweit es Treiber und Anwendungen betrifft. Denn die laufen unter Windows 11 genauso stabil, schnell und problemlos wie unter Windows 10. Wenn es allerdings um die Bedienoberfl\u00e4che geht, ist Windows 11 eine Dauerbaustelle.<\/p>\n<p>Selbst bei essenziellen Bedienelementen m\u00fcssen Sie jederzeit mit Umbauten rechnen. So verk\u00fcndete Microsoft im November 2025, mal eben das Aussehen des Startmen\u00fcs umkrempeln zu wollen. Verhindern k\u00f6nnen Sie solche \u00c4nderungen nicht, denn sie kommen via Windows Update, und im selben Paket stecken dann unverzichtbare Sicherheitsupdates. Nicht mal planen k\u00f6nnen Sie: Was aus Sicherheitssicht als unkritisch gilt, verteilt Microsoft nicht auf einmal, sondern nach und nach (\u201eGradual rollout\u201c). Auf unseren Testrechnern jedenfalls sah das Startmen\u00fc bis Redaktionsschluss unver\u00e4ndert aus.<\/p>\n<p>Weil sich st\u00e4ndig so viel \u00e4ndert, f\u00fchlt sich der Einsatz von Windows 11 wie ein st\u00e4ndiger Umstieg an. Daher ver\u00f6ffentlichen wir Jahre nach dessen Erscheinen erneut eine Artikelstrecke zum Umstieg. In der Strecke finden Sie Tipps und Tricks, sortiert in die Themenbereiche \u201eTaskleiste und Startmen\u00fc\u201c, \u201eDesktop und Explorer\u201c, \u201eApps und Funktionen nachr\u00fcsten\/loswerden\u201c und schlie\u00dflich \u201ePrivatsph\u00e4re\u201c.<\/p>\n<p>            Das war die Leseprobe unseres heise-Plus-Artikels &#8222;Windows 11: Erste Handgriffe nach dem Umstieg&#8220;.<br \/>\n            Mit einem heise-Plus-Abo k\u00f6nnen Sie den ganzen Artikel lesen.<\/p>\n<p>\n      Dieser Link ist leider nicht mehr g\u00fcltig.\n    <\/p>\n<p>Links zu verschenkten Artikeln werden ung\u00fcltig,<br \/>\n      wenn diese \u00e4lter als 7\u00a0Tage sind oder zu oft aufgerufen wurden.\n    <\/p>\n<p><strong>Sie ben\u00f6tigen ein heise+ Paket, um diesen Artikel zu lesen. Jetzt eine Woche unverbindlich testen \u2013 ohne Verpflichtung!<\/strong><\/p>\n","protected":false},"excerpt":{"rendered":"Windows 11: Erste Handgriffe nach dem Umstieg Lass andere vor! Sagen wir, wie es ist: Windows 11 ist&hellip;\n","protected":false},"author":2,"featured_media":803913,"comment_status":"","ping_status":"","sticky":false,"template":"","format":"standard","meta":{"footnotes":"","_share_on_mastodon":"0"},"categories":[135],"tags":[36926,29,30,1337,196,190,189,194,191,5111,202,203,181028,193,192],"class_list":["post-803912","post","type-post","status-publish","format-standard","has-post-thumbnail","category-wissenschaft-technik","tag-desktop-umgebung","tag-deutschland","tag-germany","tag-insider","tag-it","tag-science","tag-science-technology","tag-technik","tag-technology","tag-umstieg","tag-windows","tag-windows-11","tag-windows-umstieg","tag-wissenschaft","tag-wissenschaft-technik"],"share_on_mastodon":{"url":"https:\/\/pubeurope.com\/@de\/116084665498705729","error":""},"_links":{"self":[{"href":"https:\/\/www.europesays.com\/de\/wp-json\/wp\/v2\/posts\/803912","targetHints":{"allow":["GET"]}}],"collection":[{"href":"https:\/\/www.europesays.com\/de\/wp-json\/wp\/v2\/posts"}],"about":[{"href":"https:\/\/www.europesays.com\/de\/wp-json\/wp\/v2\/types\/post"}],"author":[{"embeddable":true,"href":"https:\/\/www.europesays.com\/de\/wp-json\/wp\/v2\/users\/2"}],"replies":[{"embeddable":true,"href":"https:\/\/www.europesays.com\/de\/wp-json\/wp\/v2\/comments?post=803912"}],"version-history":[{"count":0,"href":"https:\/\/www.europesays.com\/de\/wp-json\/wp\/v2\/posts\/803912\/revisions"}],"wp:featuredmedia":[{"embeddable":true,"href":"https:\/\/www.europesays.com\/de\/wp-json\/wp\/v2\/media\/803913"}],"wp:attachment":[{"href":"https:\/\/www.europesays.com\/de\/wp-json\/wp\/v2\/media?parent=803912"}],"wp:term":[{"taxonomy":"category","embeddable":true,"href":"https:\/\/www.europesays.com\/de\/wp-json\/wp\/v2\/categories?post=803912"},{"taxonomy":"post_tag","embeddable":true,"href":"https:\/\/www.europesays.com\/de\/wp-json\/wp\/v2\/tags?post=803912"}],"curies":[{"name":"wp","href":"https:\/\/api.w.org\/{rel}","templated":true}]}}