{"id":804055,"date":"2026-02-17T08:16:13","date_gmt":"2026-02-17T08:16:13","guid":{"rendered":"https:\/\/www.europesays.com\/de\/804055\/"},"modified":"2026-02-17T08:16:13","modified_gmt":"2026-02-17T08:16:13","slug":"kuenstlerin-fuer-deutschen-pavillon-in-venedig-2026-trauer-nach-tod-von-henrike-naumann","status":"publish","type":"post","link":"https:\/\/www.europesays.com\/de\/804055\/","title":{"rendered":"K\u00fcnstlerin f\u00fcr Deutschen Pavillon in Venedig 2026: Trauer nach Tod von Henrike Naumann"},"content":{"rendered":"<p class=\"text\">\nMit gro\u00dfer Betroffenheit hat die langj\u00e4hrige Direktorin der Kunstsammlungen Zwickau, Petra Lewey, auf den Tod von Henrike Naumann reagiert. &#8222;Ich dachte, das ist eine Fake-Nachricht. Und dann hat es ein paar Minuten gedauert&#8220;, sagte sie im Gespr\u00e4ch mit MDR KULTUR.\n<\/p>\n<p>Ausnahmek\u00fcnstlerin: Innovativ, engagiert, warmherzig<\/p>\n<p class=\"text\">\nLewey gilt als eine der fr\u00fchen Entdeckerinnen und wichtigsten F\u00f6rderinnen Naumanns. Bereits deren erste Arbeiten nach dem Studium der Szenografie an der Hochschule f\u00fcr bildende K\u00fcnste in Dresden seien ihr aufgefallen, erz\u00e4hlte die Kunsthistorikerin bei MDR KULTUR. Darin habe sich Naumann mit der DDR-Vergangenheit, mit dem Umbruch und der Radikalisierung der Jugend im Osten in den 90er-Jahren auseinandergesetzt \u2013 &#8222;kritisch, mit ganz neuen Mitteln und auf einer sehr pers\u00f6nlichen Ebene&#8220;.\n<\/p>\n<blockquote>\n<p class=\"text\">Sie war eine ganz warmherzige, sehr kluge, reflektierte Person.<\/p>\n<p>Petra Lewey, ehemalige Direktorin der Kunstsammlungen Zwickau (1985\u20132025)<\/p>\n<\/blockquote>\n<p class=\"text\">\nTrotz ihres wachsenden Erfolgs sei Naumann immer nahbar geblieben. &#8222;Sie war eine ganz warmherzige, sehr kluge, reflektierte Person&#8220;, so Lewey. In ihrer Heimatstadt sei sie nicht aufgetreten als die gro\u00dfe internationale K\u00fcnstlerin, sondern als &#8222;Henrike Naumann aus Zwickau&#8220;.<\/p>\n","protected":false},"excerpt":{"rendered":"Mit gro\u00dfer Betroffenheit hat die langj\u00e4hrige Direktorin der Kunstsammlungen Zwickau, Petra Lewey, auf den Tod von Henrike Naumann&hellip;\n","protected":false},"author":2,"featured_media":804056,"comment_status":"","ping_status":"","sticky":false,"template":"","format":"standard","meta":{"footnotes":"","_share_on_mastodon":"0"},"categories":[155],"tags":[242,28031,181037,29,214,30,12790,119512,197,2703,288,1080,80,66,2075,4819,81,181036,859,21142,3259,978,215,13239,7138],"class_list":["post-804055","post","type-post","status-publish","format-standard","has-post-thumbnail","category-unterhaltung","tag-242","tag-biennale","tag-deutscher-pavillon","tag-deutschland","tag-entertainment","tag-germany","tag-gestorben","tag-henrike","tag-installation","tag-installationskunst","tag-krankheit","tag-krebs","tag-kultur","tag-kulturnachrichten","tag-kunst","tag-kuenstlerin","tag-mdr","tag-naumann","tag-sachsen","tag-sterben","tag-tod","tag-tot","tag-unterhaltung","tag-venedig","tag-zwickau"],"share_on_mastodon":{"url":"https:\/\/pubeurope.com\/@de\/116084984106237168","error":""},"_links":{"self":[{"href":"https:\/\/www.europesays.com\/de\/wp-json\/wp\/v2\/posts\/804055","targetHints":{"allow":["GET"]}}],"collection":[{"href":"https:\/\/www.europesays.com\/de\/wp-json\/wp\/v2\/posts"}],"about":[{"href":"https:\/\/www.europesays.com\/de\/wp-json\/wp\/v2\/types\/post"}],"author":[{"embeddable":true,"href":"https:\/\/www.europesays.com\/de\/wp-json\/wp\/v2\/users\/2"}],"replies":[{"embeddable":true,"href":"https:\/\/www.europesays.com\/de\/wp-json\/wp\/v2\/comments?post=804055"}],"version-history":[{"count":0,"href":"https:\/\/www.europesays.com\/de\/wp-json\/wp\/v2\/posts\/804055\/revisions"}],"wp:featuredmedia":[{"embeddable":true,"href":"https:\/\/www.europesays.com\/de\/wp-json\/wp\/v2\/media\/804056"}],"wp:attachment":[{"href":"https:\/\/www.europesays.com\/de\/wp-json\/wp\/v2\/media?parent=804055"}],"wp:term":[{"taxonomy":"category","embeddable":true,"href":"https:\/\/www.europesays.com\/de\/wp-json\/wp\/v2\/categories?post=804055"},{"taxonomy":"post_tag","embeddable":true,"href":"https:\/\/www.europesays.com\/de\/wp-json\/wp\/v2\/tags?post=804055"}],"curies":[{"name":"wp","href":"https:\/\/api.w.org\/{rel}","templated":true}]}}