{"id":804082,"date":"2026-02-17T08:32:12","date_gmt":"2026-02-17T08:32:12","guid":{"rendered":"https:\/\/www.europesays.com\/de\/804082\/"},"modified":"2026-02-17T08:32:12","modified_gmt":"2026-02-17T08:32:12","slug":"20-jaehrige-soll-abgeschoben-werden-familienmitglieder-greifen-karlsruher-polizisten-an-baden-wuerttemberg","status":"publish","type":"post","link":"https:\/\/www.europesays.com\/de\/804082\/","title":{"rendered":"20-J\u00e4hrige soll abgeschoben werden: Familienmitglieder greifen Karlsruher Polizisten an &#8211; Baden-W\u00fcrttemberg"},"content":{"rendered":"<p>Karlsruhe.\u00a0Im Rahmen einer geplanten Abschiebema\u00dfnahme gegen eine 20-J\u00e4hrige haben mehrere Familienmitglieder Widerstand gegen Polizeibeamte in Karlsruhe geleistet. Dabei wurde ein Polizist verletzt.\u00a0<\/p>\n<p>Laut Polizei brachten Beamte am Montagmorgen eine afghanische Staatsangeh\u00f6rige zur Vorbereitung weiterer Ma\u00dfnahmen in einem Abschiebeverfahren des Regierungspr\u00e4sidiums Karlsruhe zum Polizeirevier Karlsruhe-Waldstadt. Als gegen 7.50 Uhr mehrere Familienangeh\u00f6rige am Polizeirevier erschienen, um offensichtlich die Abschiebung zu verhindern, sei der 20-J\u00e4hrigen die Flucht aus dem Dienstgeb\u00e4ude gelungen.<\/p>\n<p>Nach einer kurzen Verfolgung konnten Polizeibeamte die Frau in der K\u00f6nigsberger Stra\u00dfe einholen und wieder ergreifen, so die Polizei in einer Mitteilung. Mehrere Familienangeh\u00f6rige h\u00e4tten daraufhin die Beamten beleidigt und leisteten teils erheblichen Widerstand gegen die polizeilichen Ma\u00dfnahmen.<\/p>\n<p>Ein 23-J\u00e4hriger sowie dessen 17-j\u00e4hriger Bruder griffen die Polizisten t\u00e4tlich an. Ein Polizist wurde dabei am Bein verletzt und konnte seinen Dienst nicht fortsetzen.\u00a0<\/p>\n<p>Erst durch die Verst\u00e4rkung einer weiteren Streife habe sich die Situation beruhigt. Die 20-J\u00e4hrige wurde im Anschluss abgeschoben.<\/p>\n<p>Gegen die Beteiligten wurden mehrere Ermittlungsverfahren, unter anderem wegen t\u00e4tlichen Angriffs, Widerstand und Beleidigung eingeleitet.<\/p>\n<p>Im Bodenseekreis ist es ebenfalls zu Gewalt gegen Polizisten gekommen:\u00a0Ein 44-J\u00e4hriger soll einer Angeh\u00f6rigen gedroht und Polizisten mit einer Machete bedroht haben. Spezialeinsatzkr\u00e4fte nahmen den Mann nach mehreren Stunden in Immenstaad in Gewahrsam. Gegen ihn werde unter anderem wegen Bedrohung und t\u00e4tlichen Angriffs auf Polizeibeamte ermittelt, teilte die Polizei mit.<\/p>\n<p><a href=\"https:\/\/www.pz-news.de\/baden-wuerttemberg_artikel,-Mann-bedroht-Frau-und-richtet-Machete-gegen-Polizisten-_arid,2331510.html\" title=\"Mann bedroht Frau und richtet Machete gegen Polizisten\" rel=\"nofollow noopener\" target=\"_blank\"><img loading=\"lazy\" decoding=\"async\" src=\"https:\/\/www.europesays.com\/de\/wp-content\/uploads\/2026\/02\/5511921_1_squarewidth8_Spezialeinsatzkraefte_haben_einen_Mann_in_Immenstaad_festgenommen_nachdem_er_.jpeg\" alt=\"Polizei\" title=\"Polizei\" width=\"1\" height=\"1\" class=\"img-fluid\"\/><\/a><a href=\"https:\/\/www.pz-news.de\/baden-wuerttemberg_artikel,-Mann-bedroht-Frau-und-richtet-Machete-gegen-Polizisten-_arid,2331510.html\" title=\"Mann bedroht Frau und richtet Machete gegen Polizisten\" rel=\"nofollow noopener\" target=\"_blank\"><img loading=\"lazy\" decoding=\"async\" src=\"https:\/\/www.europesays.com\/de\/wp-content\/uploads\/2026\/02\/5511921_1_squarewidth8_Spezialeinsatzkraefte_haben_einen_Mann_in_Immenstaad_festgenommen_nachdem_er_.jpeg\" alt=\"Polizei\" title=\"Polizei\" width=\"1\" height=\"1\" class=\"img-fluid\"\/><\/a>Artikel<a href=\"https:\/\/www.pz-news.de\/baden-wuerttemberg_artikel,-Mann-bedroht-Frau-und-richtet-Machete-gegen-Polizisten-_arid,2331510.html\" data-upscore-url=\"\" rel=\"nofollow noopener\" target=\"_blank\">Mann bedroht Frau und richtet Machete gegen Polizisten<\/a><\/p>\n","protected":false},"excerpt":{"rendered":"Karlsruhe.\u00a0Im Rahmen einer geplanten Abschiebema\u00dfnahme gegen eine 20-J\u00e4hrige haben mehrere Familienmitglieder Widerstand gegen Polizeibeamte in Karlsruhe geleistet. Dabei&hellip;\n","protected":false},"author":2,"featured_media":804083,"comment_status":"","ping_status":"","sticky":false,"template":"","format":"standard","meta":{"footnotes":"","_share_on_mastodon":"0"},"categories":[1844],"tags":[414,17204,140551,1634,3364,29,30,8903,121],"class_list":["post-804082","post","type-post","status-publish","format-standard","has-post-thumbnail","category-karlsruhe","tag-abschiebung","tag-abschiebungen","tag-baden-wuerrtemberg","tag-baden-wuerttemberg","tag-de","tag-deutschland","tag-germany","tag-karlsruhe","tag-polizei"],"share_on_mastodon":{"url":"https:\/\/pubeurope.com\/@de\/116085047203794790","error":""},"_links":{"self":[{"href":"https:\/\/www.europesays.com\/de\/wp-json\/wp\/v2\/posts\/804082","targetHints":{"allow":["GET"]}}],"collection":[{"href":"https:\/\/www.europesays.com\/de\/wp-json\/wp\/v2\/posts"}],"about":[{"href":"https:\/\/www.europesays.com\/de\/wp-json\/wp\/v2\/types\/post"}],"author":[{"embeddable":true,"href":"https:\/\/www.europesays.com\/de\/wp-json\/wp\/v2\/users\/2"}],"replies":[{"embeddable":true,"href":"https:\/\/www.europesays.com\/de\/wp-json\/wp\/v2\/comments?post=804082"}],"version-history":[{"count":0,"href":"https:\/\/www.europesays.com\/de\/wp-json\/wp\/v2\/posts\/804082\/revisions"}],"wp:featuredmedia":[{"embeddable":true,"href":"https:\/\/www.europesays.com\/de\/wp-json\/wp\/v2\/media\/804083"}],"wp:attachment":[{"href":"https:\/\/www.europesays.com\/de\/wp-json\/wp\/v2\/media?parent=804082"}],"wp:term":[{"taxonomy":"category","embeddable":true,"href":"https:\/\/www.europesays.com\/de\/wp-json\/wp\/v2\/categories?post=804082"},{"taxonomy":"post_tag","embeddable":true,"href":"https:\/\/www.europesays.com\/de\/wp-json\/wp\/v2\/tags?post=804082"}],"curies":[{"name":"wp","href":"https:\/\/api.w.org\/{rel}","templated":true}]}}