{"id":804235,"date":"2026-02-17T10:00:12","date_gmt":"2026-02-17T10:00:12","guid":{"rendered":"https:\/\/www.europesays.com\/de\/804235\/"},"modified":"2026-02-17T10:00:12","modified_gmt":"2026-02-17T10:00:12","slug":"pol-en-schwelm-zeugin-ertappt-taeter-bei-zigarettenautomatenaufbruch-flucht-mit","status":"publish","type":"post","link":"https:\/\/www.europesays.com\/de\/804235\/","title":{"rendered":"POL-EN: Schwelm: Zeugin ertappt T\u00e4ter bei Zigarettenautomatenaufbruch- Flucht mit &#8230;"},"content":{"rendered":"<p class=\"date\">17.02.2026 \u2013 10:35<\/p>\n<p class=\"customer\">\n                        <a class=\"story-customer\" title=\"weiter zum newsroom von Kreispolizeibeh\u00f6rde Ennepe-Ruhr-Kreis\" href=\"https:\/\/www.presseportal.de\/blaulicht\/nr\/12726\" rel=\"nofollow noopener\" target=\"_blank\">Kreispolizeibeh\u00f6rde Ennepe-Ruhr-Kreis<\/a>\n                    <\/p>\n<p><a data-category=\"citylink-story-view\" data-action=\"click\" data-label=\"Citylink in Meldungsansicht\" class=\"story-city event-trigger\" href=\"https:\/\/www.presseportal.de\/regional\/Schwelm\" title=\"News aus Schwelm \" rel=\"nofollow noopener\" target=\"_blank\">Schwelm<\/a> (ots)<\/p>\n<p>Eine aufmerksame Zeugin bemerkte am 17. Februar, gegen 1:30 Uhr in der Winterberger Stra\u00dfe einen T\u00e4ter, der gerade versuchte einen Zigarettenautomaten aufzubrechen. Als der T\u00e4ter die Zeugin bemerkte, fl\u00fcchte er umgehend mit einem E-Scooter. Im Rahmen einer sofort eingeleiteten Fahndung konnte ein 35-j\u00e4hriger Schwelmer auf einem E-Scooter angetroffen werden. Umgehend stellte sich heraus, dass es sich hierbei um den T\u00e4ter des versuchten Einbruchs in den Automaten handelte. Im Rahmen der weiteren Ermittlungen konnte bei ihm Einbruchswerkzeug aufgefunden werden. Erg\u00e4nzend kam hinzu, dass er den E-Scooter unter dem deutlichen Einfluss von Bet\u00e4ubungsmittel gef\u00fchrt. Er wurde vorl\u00e4ufig festgenommen und zur Polizeiwache nach Ennepetal verbracht. Zus\u00e4tzlich wurde eine Blutprobe entnommen.<\/p>\n<p class=\"contact-headline\">R\u00fcckfragen bitte an:<\/p>\n<p class=\"contact-text\">Kreispolizeibeh\u00f6rde Ennepe-Ruhr-Kreis<br \/>Pressestelle<br \/>Kreispolizeibeh\u00f6rde Ennepe-Ruhr-Kreis<br \/>Str\u00fcckerberger Stra\u00dfe 32, 58256 Ennepetal<br \/>Telefon: 02333 9166-1200 o. Mobil 0174\/6310227<br \/>E-Mail: <a href=\"https:\/\/www.presseportal.de\/blaulicht\/pm\/12726\/mailto: pressestelle.ennepe-ruhr-kreis@polizei.nrw.de\" class=\"uri-mailto\" rel=\"nofollow noopener\" target=\"_blank\"> pressestelle.ennepe-ruhr-kreis@polizei.nrw.de<\/a><\/p>\n<p class=\"originator\">Original-Content von: Kreispolizeibeh\u00f6rde Ennepe-Ruhr-Kreis, \u00fcbermittelt durch news aktuell<\/p>\n","protected":false},"excerpt":{"rendered":"17.02.2026 \u2013 10:35 Kreispolizeibeh\u00f6rde Ennepe-Ruhr-Kreis Schwelm (ots) Eine aufmerksame Zeugin bemerkte am 17. Februar, gegen 1:30 Uhr in&hellip;\n","protected":false},"author":2,"featured_media":386213,"comment_status":"","ping_status":"","sticky":false,"template":"","format":"standard","meta":{"footnotes":"","_share_on_mastodon":"0"},"categories":[1840],"tags":[3364,29,30,177,1209,176,121,178,180,179,181,4418],"class_list":["post-804235","post","type-post","status-publish","format-standard","has-post-thumbnail","category-wuppertal","tag-de","tag-deutschland","tag-germany","tag-kriminalitt","tag-nordrhein-westfalen","tag-nrw","tag-polizei","tag-presse","tag-pressemeldung","tag-pressemitteilung","tag-pressemitteilungen","tag-wuppertal"],"share_on_mastodon":{"url":"https:\/\/pubeurope.com\/@de\/116085392946714103","error":""},"_links":{"self":[{"href":"https:\/\/www.europesays.com\/de\/wp-json\/wp\/v2\/posts\/804235","targetHints":{"allow":["GET"]}}],"collection":[{"href":"https:\/\/www.europesays.com\/de\/wp-json\/wp\/v2\/posts"}],"about":[{"href":"https:\/\/www.europesays.com\/de\/wp-json\/wp\/v2\/types\/post"}],"author":[{"embeddable":true,"href":"https:\/\/www.europesays.com\/de\/wp-json\/wp\/v2\/users\/2"}],"replies":[{"embeddable":true,"href":"https:\/\/www.europesays.com\/de\/wp-json\/wp\/v2\/comments?post=804235"}],"version-history":[{"count":0,"href":"https:\/\/www.europesays.com\/de\/wp-json\/wp\/v2\/posts\/804235\/revisions"}],"wp:featuredmedia":[{"embeddable":true,"href":"https:\/\/www.europesays.com\/de\/wp-json\/wp\/v2\/media\/386213"}],"wp:attachment":[{"href":"https:\/\/www.europesays.com\/de\/wp-json\/wp\/v2\/media?parent=804235"}],"wp:term":[{"taxonomy":"category","embeddable":true,"href":"https:\/\/www.europesays.com\/de\/wp-json\/wp\/v2\/categories?post=804235"},{"taxonomy":"post_tag","embeddable":true,"href":"https:\/\/www.europesays.com\/de\/wp-json\/wp\/v2\/tags?post=804235"}],"curies":[{"name":"wp","href":"https:\/\/api.w.org\/{rel}","templated":true}]}}