{"id":804238,"date":"2026-02-17T10:02:13","date_gmt":"2026-02-17T10:02:13","guid":{"rendered":"https:\/\/www.europesays.com\/de\/804238\/"},"modified":"2026-02-17T10:02:13","modified_gmt":"2026-02-17T10:02:13","slug":"bpol-nrw-unbekannte-entwenden-kabel-in-gelsenkirchen-bundespolizei-ermittelt-und","status":"publish","type":"post","link":"https:\/\/www.europesays.com\/de\/804238\/","title":{"rendered":"BPOL NRW: Unbekannte entwenden Kabel in Gelsenkirchen &#8211; Bundespolizei ermittelt und &#8230;"},"content":{"rendered":"<p class=\"date\">17.02.2026 \u2013 10:58<\/p>\n<p class=\"customer\">\n                        <a class=\"story-customer\" title=\"weiter zum newsroom von Bundespolizeidirektion Sankt Augustin\" href=\"https:\/\/www.presseportal.de\/blaulicht\/nr\/70116\" rel=\"nofollow noopener\" target=\"_blank\">Bundespolizeidirektion Sankt Augustin<\/a>\n                    <\/p>\n<p><a data-category=\"citylink-story-view\" data-action=\"click\" data-label=\"Citylink in Meldungsansicht\" class=\"story-city event-trigger\" href=\"https:\/\/www.presseportal.de\/regional\/Gelsenkirchen\" title=\"News aus Gelsenkirchen \" rel=\"nofollow noopener\" target=\"_blank\">Gelsenkirchen<\/a> (ots)<\/p>\n<p>In der Nacht vom 15. auf den 16. Februar durchtrennten Unbekannte mehrere Meter Signalkabel an einer G\u00fcterzugstrecke an einem Bahn\u00fcbergang am H\u00fcttweg und entwendeten diese.<\/p>\n<p>Gegen 3 Uhr erhielt das Bundespolizeirevier Gelsenkirchen die Meldung \u00fcber ein besch\u00e4digtes Signalkabel an einer G\u00fcterzugstrecke. Vor Ort stellte die Streife fest, dass insgesamt 15 Meter Signalkabel fehlten. Zudem hatten der oder die T\u00e4ter an mehreren Stellen Signalkabel auf die Schienen gelegt. Ein durchfahrender Zug durchtrennte die Kabel. Der besch\u00e4digte Streckenabschnitt konnte daraufhin nicht mehr befahren werden. Die Strecke wurde gesperrt.<\/p>\n<p>Die Bundespolizei sicherte die Spuren vor Ort und setzte hierzu auch einen Hubschrauber ein, der unter anderem nach den T\u00e4tern fahndete und \u00dcbersichtsaufnahmen fertigte. Der entstandene Schaden bel\u00e4uft sich nach jetzigem Ermittlungsstand auf ca. 50.000 Euro.<\/p>\n<p>Die Bundespolizei bittet die Bev\u00f6lkerung um Mithilfe und ermittelt nun wegen besonders schweren Falls des Diebstahls, der Sachbesch\u00e4digung und der St\u00f6rung \u00f6ffentlicher Betriebe. Wer kann Hinweise zum Tathergang oder zu etwaigen Tatverd\u00e4chtigen geben? Der Tatort befindet sich in der N\u00e4he des Bahn\u00fcbergangs H\u00fcttweg in Gelsenkirchen.<\/p>\n<p>Sachdienliche Hinweise nimmt die Bundespolizei unter der kostenfreien Servicenummer 0800 6 888 000 oder unter der Nummer 0231 562247-0 entgegen. Die Bundespolizei warnt zudem, dass nicht nur vom Zugverkehr an sich, sondern auch von Betriebsanlagen wie stromf\u00fchrenden Teilen, Masten und anderer Infrastruktur t\u00f6dliche Gefahren ausgehen.  Die Oberleitungen der Eisenbahn f\u00fchren eine Spannung von 15.000 Volt. Sie sind immer mit Strom versorgt, auch wenn gerade kein Zug f\u00e4hrt. Es ist nicht zwingend erforderlich, die Oberleitung direkt zu ber\u00fchren, um einen Stromschlag zu erleiden, da der Strom auch durch die Luft \u00fcberspringen kann.<\/p>\n<p class=\"contact-headline\">R\u00fcckfragen bitte an:<\/p>\n<p class=\"contact-text\">Bundespolizeidirektion Sankt Augustin<br \/>Bundespolizeiinspektion Dortmund<br \/>Pressestelle<br \/>Bj\u00f6rn Dahle<br \/>Telefon: 49 (0) 231\/ 56 22 47 &#8211; 1012<br \/>Mobil: +49 (0) 173\/ 71 50 710<br \/>E-Mail: <a href=\"https:\/\/www.presseportal.de\/blaulicht\/pm\/70116\/mailto: presse.do@polizei.bund.de\" class=\"uri-mailto\" rel=\"nofollow noopener\" target=\"_blank\"> presse.do@polizei.bund.de<\/a><br \/>X (Twitter): @BPOL NRW<\/p>\n<p>Untere Brinkstra\u00dfe 81-89<br \/>44141 Dortmund<\/p>\n<p><a target=\"_blank\" class=\"uri-ext outbound\" rel=\"noopener nofollow\" href=\"https:\/\/www.bundespolizei.de\">www.bundespolizei.de<\/a><\/p>\n<p>Weitere Informationen erhalten Sie unter <a target=\"_blank\" class=\"uri-ext outbound\" rel=\"noopener nofollow\" href=\"https:\/\/www.bundespolizei.de\">www.bundespolizei.de<\/a> oder <br \/>unter oben genannter Kontaktadresse.<\/p>\n<p class=\"originator\">Original-Content von: Bundespolizeidirektion Sankt Augustin, \u00fcbermittelt durch news aktuell<\/p>\n","protected":false},"excerpt":{"rendered":"17.02.2026 \u2013 10:58 Bundespolizeidirektion Sankt Augustin Gelsenkirchen (ots) In der Nacht vom 15. auf den 16. Februar durchtrennten&hellip;\n","protected":false},"author":2,"featured_media":386213,"comment_status":"","ping_status":"","sticky":false,"template":"","format":"standard","meta":{"footnotes":"","_share_on_mastodon":"0"},"categories":[1839],"tags":[7507,3364,29,30,177,1209,176,121,178,180,179,181],"class_list":["post-804238","post","type-post","status-publish","format-standard","has-post-thumbnail","category-bochum","tag-bochum","tag-de","tag-deutschland","tag-germany","tag-kriminalitt","tag-nordrhein-westfalen","tag-nrw","tag-polizei","tag-presse","tag-pressemeldung","tag-pressemitteilung","tag-pressemitteilungen"],"share_on_mastodon":{"url":"https:\/\/pubeurope.com\/@de\/116085401082415748","error":""},"_links":{"self":[{"href":"https:\/\/www.europesays.com\/de\/wp-json\/wp\/v2\/posts\/804238","targetHints":{"allow":["GET"]}}],"collection":[{"href":"https:\/\/www.europesays.com\/de\/wp-json\/wp\/v2\/posts"}],"about":[{"href":"https:\/\/www.europesays.com\/de\/wp-json\/wp\/v2\/types\/post"}],"author":[{"embeddable":true,"href":"https:\/\/www.europesays.com\/de\/wp-json\/wp\/v2\/users\/2"}],"replies":[{"embeddable":true,"href":"https:\/\/www.europesays.com\/de\/wp-json\/wp\/v2\/comments?post=804238"}],"version-history":[{"count":0,"href":"https:\/\/www.europesays.com\/de\/wp-json\/wp\/v2\/posts\/804238\/revisions"}],"wp:featuredmedia":[{"embeddable":true,"href":"https:\/\/www.europesays.com\/de\/wp-json\/wp\/v2\/media\/386213"}],"wp:attachment":[{"href":"https:\/\/www.europesays.com\/de\/wp-json\/wp\/v2\/media?parent=804238"}],"wp:term":[{"taxonomy":"category","embeddable":true,"href":"https:\/\/www.europesays.com\/de\/wp-json\/wp\/v2\/categories?post=804238"},{"taxonomy":"post_tag","embeddable":true,"href":"https:\/\/www.europesays.com\/de\/wp-json\/wp\/v2\/tags?post=804238"}],"curies":[{"name":"wp","href":"https:\/\/api.w.org\/{rel}","templated":true}]}}