{"id":804269,"date":"2026-02-17T10:19:25","date_gmt":"2026-02-17T10:19:25","guid":{"rendered":"https:\/\/www.europesays.com\/de\/804269\/"},"modified":"2026-02-17T10:19:25","modified_gmt":"2026-02-17T10:19:25","slug":"boeing-737-von-corendon-airlines-mit-sicherheitslandung","status":"publish","type":"post","link":"https:\/\/www.europesays.com\/de\/804269\/","title":{"rendered":"Boeing 737 von Corendon Airlines mit Sicherheitslandung"},"content":{"rendered":"<p>Boeing 737 muss durchstarten <\/p>\n<p>Sicherheitslandung am Flughafen: Rettungskr\u00e4fte im Gro\u00dfeinsatz<\/p>\n<p>17.02.2026 &#8211; 10:26 UhrLesedauer: 2 Min.<\/p>\n<p><a href=\"#focus-0\" class=\"transition-colors duration-200 block text-current relative\" data-sctrack=\"FocusGalleryImage.Reference\"><img fetchpriority=\"high\" data-testid=\"Opener.Image\" style=\"--lqipURL:url('https:\/\/images.t-online.de\/2026\/02\/O7CzZQx4cns6\/0x209:4000x2250\/fit-in\/150x0\/filters:blur(25)\/albrecht-duerer-airport-nuernberg-27-122025-eine-boeing-737-800-der-fluggesellschaft-corendon-airlines-mit-der-kennung-tc-tjb-hebt-vom-albrecht-duerer-flughafen-nuernberg-ab-die-aufnahme-zeigt-das-flugzeug-im-moment-des-abhebens-bei-tiefstehender-sonne-im-hintergrund-sind-das-flughafenterminal-und-der-tower-sichtbar-nuernberg-bayern-deutschland-albrecht-duerer-airport-nuremberg-27-12-2025-a-boeing-737-800-of-corendon-airlines-with-the-registration-tc-tjb-takes-off-from-albrecht-duerer-airport-nuremberg.jpg')\"   loading=\"eager\" src=\"https:\/\/www.europesays.com\/de\/wp-content\/uploads\/2026\/02\/albrecht-duerer-airport-nuernberg-27-122025-eine-boeing-737-800-der-fluggesellschaft-corendon-airlin.jpeg\" alt=\"imago images 0844071206\" title=\"imago images 0844071206\" width=\"4000\" height=\"2250\" class=\"bg-[url:var(--lqipURL)] bg-cover bg-center flex h-full w-full max-w-full\" decoding=\"async\"\/><img style=\"--width:32;--height:32\" loading=\"lazy\" src=\"https:\/\/nuernberg.t-online.de\/s\/paper\/_next\/static\/media\/zoom-in.f7dae02f.svg\" alt=\"Vergr\u00f6\u00dfern des Bildes\" title=\"Vergr\u00f6\u00dfern des Bildes\" class=\"block h-[calc(var(--height)_\/_16_*_1rem)] w-[calc(var(--width)_\/_16_*_1rem)] max-w-none absolute bottom-8 right-8 rounded-4 bg-snow p-8\" decoding=\"async\"\/><\/a><\/p>\n<p>Ein Flugzeug von Corendon Airlines in N\u00fcrnberg (Archivbild): Eine Boeing der Fluggesellschaft musste am Montag durchstarten. (Quelle: IMAGO\/Ardan Fuessmann\/imago)<\/p>\n<p class=\"font-bold text-18 leading-17 user-text-lg:text-22 user-text-xl:text-24\">Eine Boeing landet gerade in N\u00fcrnberg, pl\u00f6tzlich beschleunigt der Pilot wieder. F\u00fcr Rettungskr\u00e4fte l\u00e4uft damit ein Gro\u00dfeinsatz an.<\/p>\n<p class=\"text-18 leading-17 user-text-lg:text-22 user-text-xl:text-24\">Schrecksekunde am N\u00fcrnberger Flughafen: Eine Boeing 737 aus dem \u00e4gyptischen Badeort Hurghada musste bei der Landung am Montagabend durchstarten. Die Piloten leiteten eine Sicherheitslandung ein, wie Flughafensprecher Christian Albrecht der N\u00fcrnberger Lokalredaktion von t-online best\u00e4tigte. Neben der Flughafenfeuerwehr wurden deshalb auch umliegende Feuerwehren sowie Rettungskr\u00e4fte zum Airport alarmiert.<\/p>\n<p class=\"text-18 leading-17 user-text-lg:text-22 user-text-xl:text-24\">Auf den Daten des Portals &#8222;flightradar24&#8220; l\u00e4sst sich der Weg der Boeing von Corendon Airlines nachvollziehen. Demnach starte das Flugzeug um 15.38 Uhr Ortszeit in Hurghada und nahm mit rund einer halben Stunde Versp\u00e4tung in nordwestliche Richtung Kurs auf N\u00fcrnberg. \u00dcber das Mittelmeer, Thessaloniki und den Balkan ging es f\u00fcr die Flugg\u00e4ste der Boeing 737 von \u00c4gypten nach Franken.<\/p>\n<p class=\"text-18 leading-17 user-text-lg:text-22 user-text-xl:text-24\">Laut &#8222;flightradar24&#8220; n\u00e4herte sich das Flugzeug gegen 17.45 Uhr von Osten her der Landebahn in N\u00fcrnberg \u2013 doch anstatt am Airport aufzusetzen, starteten die Piloten durch. Die Boeing gewann darauf wieder an H\u00f6he und kreiste \u00fcber N\u00fcrnberg und die Region. Ehe das Flugzeug dann um 19.27 Uhr endg\u00fcltig sicher am Flughafen landete.<\/p>\n<p class=\"text-18 leading-17 user-text-lg:text-22 user-text-xl:text-24\">Warum die Besatzung der Boeing eine Sicherheitslandung ausl\u00f6ste, konnte Flughafensprecher Christian Albrecht nicht sagen. Die Airline lie\u00df eine entsprechende Anfrage bislang unbeantwortet. Bekannt ist aber, dass die Flugg\u00e4ste die Boeing am Boden ganz normal verlassen konnten.<\/p>\n<p class=\"text-18 leading-17 user-text-lg:text-22 user-text-xl:text-24\">Weiter betont der Flughafensprecher, dass das Durchstaten und die Sicherheitslandung letztlich immer eine Vorsichtsma\u00dfnahme seien. Die Entscheidungen dar\u00fcber treffen laut Albrecht die Piloten. Darauf liefen sowohl am Boden als auch im Cockpit festgelegte Prozesse ab. Teil davon sei auch, dass die Flughafenfeuerwehr sowie weitere Rettungskr\u00e4fte vorsorglich alarmiert werden w\u00fcrden.<\/p>\n","protected":false},"excerpt":{"rendered":"Boeing 737 muss durchstarten Sicherheitslandung am Flughafen: Rettungskr\u00e4fte im Gro\u00dfeinsatz 17.02.2026 &#8211; 10:26 UhrLesedauer: 2 Min. Ein Flugzeug&hellip;\n","protected":false},"author":2,"featured_media":804270,"comment_status":"","ping_status":"","sticky":false,"template":"","format":"standard","meta":{"footnotes":"","_share_on_mastodon":"0"},"categories":[1837],"tags":[578,3091,772,3088,24780,37137,116018,3364,29,2109,6483,30,3786,122619,3783,2843,69077],"class_list":["post-804269","post","type-post","status-publish","format-standard","has-post-thumbnail","category-nuernberg","tag-aegypten","tag-airline","tag-bayern","tag-boeing","tag-boeing-737","tag-christian-albrecht","tag-corendon-airlines","tag-de","tag-deutschland","tag-flughafen","tag-flughafen-nuernberg","tag-germany","tag-grosseinsatz","tag-hurghada","tag-nuernberg","tag-rettungskraft","tag-sicherheitslandung"],"share_on_mastodon":{"url":"https:\/\/pubeurope.com\/@de\/116085467979959899","error":""},"_links":{"self":[{"href":"https:\/\/www.europesays.com\/de\/wp-json\/wp\/v2\/posts\/804269","targetHints":{"allow":["GET"]}}],"collection":[{"href":"https:\/\/www.europesays.com\/de\/wp-json\/wp\/v2\/posts"}],"about":[{"href":"https:\/\/www.europesays.com\/de\/wp-json\/wp\/v2\/types\/post"}],"author":[{"embeddable":true,"href":"https:\/\/www.europesays.com\/de\/wp-json\/wp\/v2\/users\/2"}],"replies":[{"embeddable":true,"href":"https:\/\/www.europesays.com\/de\/wp-json\/wp\/v2\/comments?post=804269"}],"version-history":[{"count":0,"href":"https:\/\/www.europesays.com\/de\/wp-json\/wp\/v2\/posts\/804269\/revisions"}],"wp:featuredmedia":[{"embeddable":true,"href":"https:\/\/www.europesays.com\/de\/wp-json\/wp\/v2\/media\/804270"}],"wp:attachment":[{"href":"https:\/\/www.europesays.com\/de\/wp-json\/wp\/v2\/media?parent=804269"}],"wp:term":[{"taxonomy":"category","embeddable":true,"href":"https:\/\/www.europesays.com\/de\/wp-json\/wp\/v2\/categories?post=804269"},{"taxonomy":"post_tag","embeddable":true,"href":"https:\/\/www.europesays.com\/de\/wp-json\/wp\/v2\/tags?post=804269"}],"curies":[{"name":"wp","href":"https:\/\/api.w.org\/{rel}","templated":true}]}}