{"id":804443,"date":"2026-02-17T11:55:13","date_gmt":"2026-02-17T11:55:13","guid":{"rendered":"https:\/\/www.europesays.com\/de\/804443\/"},"modified":"2026-02-17T11:55:13","modified_gmt":"2026-02-17T11:55:13","slug":"diebstahl-in-filderstadt-ablenkungsmanoever-ist-erfolgreich-trickdiebe-stehlen-karton-zigaretten-kreis","status":"publish","type":"post","link":"https:\/\/www.europesays.com\/de\/804443\/","title":{"rendered":"Diebstahl in Filderstadt: Ablenkungsman\u00f6ver ist erfolgreich \u2013 Trickdiebe stehlen Karton Zigaretten &#8211; Kreis"},"content":{"rendered":"<p>\t\t\t\t\t\t\t\t\t\t\t\t\t\t\t\t\t\t\t\t\t\t\t\t\t\t\t\t\t\t\t\t\t\t\t\t   \t\t\t\t\t \t\t\t\t   \t      \t\t\t\t   <img decoding=\"async\" id=\"article-image\" fetchpriority=\"high\" alt=\"Diebstahl in Filderstadt: Ablenkungsman\u00f6ver ist erfolgreich \u2013 Trickdiebe stehlen Karton Zigaretten\" title=\"Diebstahl in Filderstadt: Ablenkungsman\u00f6ver ist erfolgreich \u2013 Trickdiebe stehlen Karton Zigaretten\" src=\"https:\/\/www.europesays.com\/de\/wp-content\/uploads\/2026\/02\/media.media.ea460a42-5a8a-4863-b333-a0a98726077c.original700.jpg\" data-linkto=\"https:\/\/www.esslinger-zeitung.de\/javascript:void(0);\"\/>\t\t\t\t\t\t\t\t\t\t\t\t\t\t\t\t\t\t\t\t\t\t\t\tDas Polizeirevier Filderstadt hat die Ermittlungen aufgenommen. (Symbolbild)\u00a0Foto: IMAGO\/Guido Schiefer\t\t\t<\/p>\n<p>Mit einem Ablenkungsman\u00f6ver erbeuten zwei M\u00e4nner in einem Getr\u00e4nkemarkt in Plattenhardt einen Karton Zigaretten im Wert von mehreren tausend Euro. Die Polizei ermittelt.<\/p>\n<p>Am Montagnachmittag haben dreiste <a href=\"https:\/\/www.esslinger-zeitung.de\/thema\/Trickdiebe\" title=\"Trickdiebe\" class=\"art_thema\" rel=\"nofollow noopener\" target=\"_blank\">Trickdiebe<\/a> einen Karton mit Zigarettenstangen im Wert von mehreren Tausend Euro in einem Getr\u00e4nkemarkt in Filderstadt (Kreis <a href=\"https:\/\/www.esslinger-zeitung.de\/thema\/Esslingen\" title=\"Esslingen\" class=\"art_thema\" rel=\"nofollow noopener\" target=\"_blank\">Esslingen<\/a>) erbeutet.<\/p>\n<p>Wie die <a href=\"https:\/\/www.esslinger-zeitung.de\/thema\/Polizei\" title=\"Polizei\" class=\"art_thema\" rel=\"nofollow noopener\" target=\"_blank\">Polizei<\/a> mitteilt, betraten die beiden M\u00e4nner gegen 15.30 Uhr ein Gesch\u00e4ft in der Heinrich-Hertz-Stra\u00dfe in Plattenhardt. W\u00e4hrend einer der beiden M\u00e4nner den sich allein im Gesch\u00e4ft befindlichen Mitarbeiter ablenkte, stahl sein Komplize den Karton mit den <a href=\"https:\/\/www.esslinger-zeitung.de\/thema\/Zigaretten\" title=\"Zigaretten\" class=\"art_thema\" rel=\"nofollow noopener\" target=\"_blank\">Zigaretten<\/a> und floh aus dem Laden.<\/p>\n<p>Polizei ermittelt nach <a href=\"https:\/\/www.esslinger-zeitung.de\/thema\/Diebstahl\" title=\"Diebstahl\" class=\"art_thema\" rel=\"nofollow noopener\" target=\"_blank\">Diebstahl<\/a> <\/p>\n<p>Der andere Tatverd\u00e4chtige, der sich noch im Laden befand, kaufte anschlie\u00dfend noch eine Flasche Wasser, bevor er ebenfalls den Getr\u00e4nkemarkt verlie\u00df. Kurze Zeit sp\u00e4ter wurde der Diebstahl bemerkt und schlie\u00dflich der Polizei gemeldet.<\/p>\n<p>Zu den beiden Tatverd\u00e4chtigen liegt laut Polizei bislang keine genaue Personenbeschreibung vor. Das Polizeirevier Filderstadt hat die Ermittlungen aufgenommen.<\/p>\n","protected":false},"excerpt":{"rendered":"Das Polizeirevier Filderstadt hat die Ermittlungen aufgenommen. (Symbolbild)\u00a0Foto: IMAGO\/Guido Schiefer Mit einem Ablenkungsman\u00f6ver erbeuten zwei M\u00e4nner in einem&hellip;\n","protected":false},"author":2,"featured_media":804444,"comment_status":"","ping_status":"","sticky":false,"template":"","format":"standard","meta":{"footnotes":"","_share_on_mastodon":"0"},"categories":[1830],"tags":[1634,3364,29,1686,3439,30,121,3440,1441,181131,5875],"class_list":["post-804443","post","type-post","status-publish","format-standard","has-post-thumbnail","category-stuttgart","tag-baden-wuerttemberg","tag-de","tag-deutschland","tag-diebstahl","tag-esslingen","tag-germany","tag-polizei","tag-polizeibericht-region-stuttgart","tag-stuttgart","tag-trickdiebe","tag-zigaretten"],"share_on_mastodon":{"url":"https:\/\/pubeurope.com\/@de\/116085846055828671","error":""},"_links":{"self":[{"href":"https:\/\/www.europesays.com\/de\/wp-json\/wp\/v2\/posts\/804443","targetHints":{"allow":["GET"]}}],"collection":[{"href":"https:\/\/www.europesays.com\/de\/wp-json\/wp\/v2\/posts"}],"about":[{"href":"https:\/\/www.europesays.com\/de\/wp-json\/wp\/v2\/types\/post"}],"author":[{"embeddable":true,"href":"https:\/\/www.europesays.com\/de\/wp-json\/wp\/v2\/users\/2"}],"replies":[{"embeddable":true,"href":"https:\/\/www.europesays.com\/de\/wp-json\/wp\/v2\/comments?post=804443"}],"version-history":[{"count":0,"href":"https:\/\/www.europesays.com\/de\/wp-json\/wp\/v2\/posts\/804443\/revisions"}],"wp:featuredmedia":[{"embeddable":true,"href":"https:\/\/www.europesays.com\/de\/wp-json\/wp\/v2\/media\/804444"}],"wp:attachment":[{"href":"https:\/\/www.europesays.com\/de\/wp-json\/wp\/v2\/media?parent=804443"}],"wp:term":[{"taxonomy":"category","embeddable":true,"href":"https:\/\/www.europesays.com\/de\/wp-json\/wp\/v2\/categories?post=804443"},{"taxonomy":"post_tag","embeddable":true,"href":"https:\/\/www.europesays.com\/de\/wp-json\/wp\/v2\/tags?post=804443"}],"curies":[{"name":"wp","href":"https:\/\/api.w.org\/{rel}","templated":true}]}}