{"id":804485,"date":"2026-02-17T12:18:12","date_gmt":"2026-02-17T12:18:12","guid":{"rendered":"https:\/\/www.europesays.com\/de\/804485\/"},"modified":"2026-02-17T12:18:12","modified_gmt":"2026-02-17T12:18:12","slug":"olympia-schnee-chaos-sorgt-fuer-olympia-absage-sport","status":"publish","type":"post","link":"https:\/\/www.europesays.com\/de\/804485\/","title":{"rendered":"Olympia: Schnee-Chaos sorgt f\u00fcr Olympia-Absage | Sport"},"content":{"rendered":"<p><a class=\"skip-content skip-content--link\" href=\"#in-content-skip-link-target-v-0-0\">TTS-Player \u00fcberspringen\u21b5<\/a><a id=\"in-content-skip-link-target-v-0-0\" class=\"skip-content--target-link-hidden skip-content skip-content--target-link\" href=\"#in-content-skip-link-target-v-0-0\">Artikel weiterlesen<\/a><\/p>\n<p><b>Es scheint und schneit und schneit! Erheblicher Schneefall sorgt bei den <\/b><a href=\"https:\/\/www.bild.de\/sport\/olympia\/olympische-winterspiele-3y0ecKRGMcYZyyQbhFPc\" class=\"text-link\" rel=\"nofollow noopener\" target=\"_blank\"><b>Olympischen Winterspielen<\/b><\/a><b> in Italien f\u00fcr mehrere Absagen!<\/b><\/p>\n<p>Am Dienstagvormittag wurde das f\u00fcr 13 Uhr angesetzte Finale der Slopestyle-Snowboarderinnen in Livigno abgesagt, da die Piste nicht anst\u00e4ndig pr\u00e4pariert werden kann. Hei\u00dft: Die Deutsche Annika Morgan (24) muss auf ihren n\u00e4chsten Olympia-Auftritt warten. <\/p>\n<p>Auch die Aerials-Qualifikation der Frauen mit Emma Wei\u00df (26), die f\u00fcr 10.45 Uhr angesetzt war, wurde zun\u00e4chst dreimal verschoben. Um 13.15 Uhr kam dann die finale Absage. Zuvor wurde bereits die Aerials-Qualifikation der M\u00e4nner (f\u00fcr 13.30 Uhr geplant) abgesagt.<\/p>\n<p>In der Nacht zu Montag waren in Livigno (liegt auf 1800 Meter) und Umgebung \u00fcber 25 Zentimeter Neuschnee gefallen. Seit den fr\u00fchen Morgenstunden am Dienstag schneit es wieder. In den n\u00e4chsten Stunden werden weitere 15 Zentimeter erwartet. Der dichte Schneefall erschwert prim\u00e4r die Sicht der Athleten.<\/p>\n<p>US-Sportstar geschockt: Schmerzhafter Trainings-Unfall<a class=\"anchor video-teaser__anchor\" href=\"https:\/\/www.bild.de\/sport\/olympia\/us-sportstar-geschockt-schmerzhafter-trainings-unfall-699434b0cb2e61df38756c52\" rel=\"nofollow noopener\" target=\"_blank\"><img decoding=\"async\" width=\"992\" height=\"558\" alt=\"\" src=\"https:\/\/www.europesays.com\/de\/wp-content\/uploads\/2026\/02\/6d90a39eddcf2015aac11acdf57642aa-landscape,a475883.jpeg\"   class=\"landscape teaser__image\" loading=\"lazy\"\/><\/a><\/p>\n<p>Quelle: BILD \/ YouTube: Jason Kelce17.02.2026<\/p>\n","protected":false},"excerpt":{"rendered":"TTS-Player \u00fcberspringen\u21b5Artikel weiterlesen Es scheint und schneit und schneit! Erheblicher Schneefall sorgt bei den Olympischen Winterspielen in Italien&hellip;\n","protected":false},"author":2,"featured_media":804486,"comment_status":"","ping_status":"","sticky":false,"template":"","format":"standard","meta":{"footnotes":"","_share_on_mastodon":"0"},"categories":[136],"tags":[29,30,355,656,11317,16406,180937,265,45],"class_list":["post-804485","post","type-post","status-publish","format-standard","has-post-thumbnail","category-sport","tag-deutschland","tag-germany","tag-italien","tag-olympia","tag-olympische-winterspiele","tag-schnee","tag-ski-freestyle","tag-sport","tag-texttospeech"],"share_on_mastodon":{"url":"https:\/\/pubeurope.com\/@de\/116085935651023372","error":""},"_links":{"self":[{"href":"https:\/\/www.europesays.com\/de\/wp-json\/wp\/v2\/posts\/804485","targetHints":{"allow":["GET"]}}],"collection":[{"href":"https:\/\/www.europesays.com\/de\/wp-json\/wp\/v2\/posts"}],"about":[{"href":"https:\/\/www.europesays.com\/de\/wp-json\/wp\/v2\/types\/post"}],"author":[{"embeddable":true,"href":"https:\/\/www.europesays.com\/de\/wp-json\/wp\/v2\/users\/2"}],"replies":[{"embeddable":true,"href":"https:\/\/www.europesays.com\/de\/wp-json\/wp\/v2\/comments?post=804485"}],"version-history":[{"count":0,"href":"https:\/\/www.europesays.com\/de\/wp-json\/wp\/v2\/posts\/804485\/revisions"}],"wp:featuredmedia":[{"embeddable":true,"href":"https:\/\/www.europesays.com\/de\/wp-json\/wp\/v2\/media\/804486"}],"wp:attachment":[{"href":"https:\/\/www.europesays.com\/de\/wp-json\/wp\/v2\/media?parent=804485"}],"wp:term":[{"taxonomy":"category","embeddable":true,"href":"https:\/\/www.europesays.com\/de\/wp-json\/wp\/v2\/categories?post=804485"},{"taxonomy":"post_tag","embeddable":true,"href":"https:\/\/www.europesays.com\/de\/wp-json\/wp\/v2\/tags?post=804485"}],"curies":[{"name":"wp","href":"https:\/\/api.w.org\/{rel}","templated":true}]}}