{"id":804589,"date":"2026-02-17T13:17:13","date_gmt":"2026-02-17T13:17:13","guid":{"rendered":"https:\/\/www.europesays.com\/de\/804589\/"},"modified":"2026-02-17T13:17:13","modified_gmt":"2026-02-17T13:17:13","slug":"vorfall-in-gerlingen-mann-wuetet-mit-ast-und-attackiert-frauen","status":"publish","type":"post","link":"https:\/\/www.europesays.com\/de\/804589\/","title":{"rendered":"Vorfall in Gerlingen: Mann w\u00fctet mit Ast und attackiert Frauen"},"content":{"rendered":"<p>\t\t\t\t\t\t\t\t\t\t\t\t\t\t\t\t\t\t\t\t\t\t\t\t\t\t\t\t      \t\t            \t\t             \t\t\t\t   \t\t\t\t\t   <img decoding=\"async\" id=\"article-image\" fetchpriority=\"high\" alt=\"Vorfall in Gerlingen: Mann w\u00fctet mit Ast und attackiert Frauen\" title=\"Vorfall in Gerlingen: Mann w\u00fctet mit Ast und attackiert Frauen\" src=\"https:\/\/www.europesays.com\/de\/wp-content\/uploads\/2026\/02\/media.media.f7708e7f-a27f-4d88-8dbd-f451d7c416c1.16x9_700.jpg\" data-linkto=\"https:\/\/www.stuttgarter-nachrichten.de\/javascript:void(0);\"\/>\t\t\t\t\t\t\t\t\t\t\t\t\t\t\t\t\t\t\t\t\t\t\t\tDer Mann wurde vorl\u00e4ufig festgenommen.\u00a0Foto: IMAGO\/Fotostand\t\t\t<\/p>\n<p>Was f\u00fcr ein Schreck: Eine 46-J\u00e4hrige wartet auf den Bus, als pl\u00f6tzlich ein Unbekannter einem Ast auf sie einschl\u00e4gt. Zuvor lie\u00df der Mann seine Wut offenbar an zwei Autos aus.<\/p>\n<p>Ein W\u00fcterich trieb am Montagabend in <a href=\"https:\/\/www.stuttgarter-nachrichten.de\/thema\/Gerlingen\" title=\"Gerlingen\" class=\"art_thema\" rel=\"nofollow noopener\" target=\"_blank\">Gerlingen<\/a> sein Unwesen. In der Solitudestra\u00dfe soll er gegen 20.20 Uhr mit einem Ast auf den VW Multivan einer 48-J\u00e4hrigen sowie den VW Golf eines 25-J\u00e4hrigen eingeschlagen haben, als diese an ihm vorbeifuhren. Das schilderten Zeugen der Polizei. An beiden Fahrzeugen entstand ein Schaden in noch nicht bezifferter H\u00f6he.<\/p>\n<p>Unbekannter schl\u00e4gt an Bushaltestelle um sich <\/p>\n<p>Damit nicht genug: Unmittelbar danach soll der Mann zwei an einer Bushaltestelle wartende Frauen attackiert und diese mit dem Ast geschlagen haben, wodurch eine 46-J\u00e4hrige leicht verletzt wurde. Die Identit\u00e4t der zweiten Passantin ist bislang noch unbekannt. <\/p>\n<p>Bei einer sofort eingeleiteten Fahndung konnte der Tatverd\u00e4chtige im Bereich des nahe gelegenen Klinikums durch Polizeikr\u00e4fte angetroffen und vorl\u00e4ufig festgenommen werden. Der Polizeiposten Gerlingen hat die Ermittlungen unter anderem wegen gef\u00e4hrlicher K\u00f6rperverletzung sowie gef\u00e4hrlichen Eingriffs in den Stra\u00dfenverkehr aufgenommen. <\/p>\n<p>Wer kann Hinweise geben? <\/p>\n<p>Zeugen des Vorfalls und insbesondere die noch unbekannte Passantin werden gebeten, sich unter der Tel. 07156 4352-0 oder per E-Mail an ditzingen.prev@polizei.bwl.de zu melden.<\/p>\n","protected":false},"excerpt":{"rendered":"Der Mann wurde vorl\u00e4ufig festgenommen.\u00a0Foto: IMAGO\/Fotostand Was f\u00fcr ein Schreck: Eine 46-J\u00e4hrige wartet auf den Bus, als pl\u00f6tzlich&hellip;\n","protected":false},"author":2,"featured_media":804590,"comment_status":"","ping_status":"","sticky":false,"template":"","format":"standard","meta":{"footnotes":"","_share_on_mastodon":"0"},"categories":[1830],"tags":[70835,1634,3364,29,5780,30,3440,1441],"class_list":["post-804589","post","type-post","status-publish","format-standard","has-post-thumbnail","category-stuttgart","tag-ast","tag-baden-wuerttemberg","tag-de","tag-deutschland","tag-gerlingen","tag-germany","tag-polizeibericht-region-stuttgart","tag-stuttgart"],"share_on_mastodon":{"url":"https:\/\/pubeurope.com\/@de\/116086167757667063","error":""},"_links":{"self":[{"href":"https:\/\/www.europesays.com\/de\/wp-json\/wp\/v2\/posts\/804589","targetHints":{"allow":["GET"]}}],"collection":[{"href":"https:\/\/www.europesays.com\/de\/wp-json\/wp\/v2\/posts"}],"about":[{"href":"https:\/\/www.europesays.com\/de\/wp-json\/wp\/v2\/types\/post"}],"author":[{"embeddable":true,"href":"https:\/\/www.europesays.com\/de\/wp-json\/wp\/v2\/users\/2"}],"replies":[{"embeddable":true,"href":"https:\/\/www.europesays.com\/de\/wp-json\/wp\/v2\/comments?post=804589"}],"version-history":[{"count":0,"href":"https:\/\/www.europesays.com\/de\/wp-json\/wp\/v2\/posts\/804589\/revisions"}],"wp:featuredmedia":[{"embeddable":true,"href":"https:\/\/www.europesays.com\/de\/wp-json\/wp\/v2\/media\/804590"}],"wp:attachment":[{"href":"https:\/\/www.europesays.com\/de\/wp-json\/wp\/v2\/media?parent=804589"}],"wp:term":[{"taxonomy":"category","embeddable":true,"href":"https:\/\/www.europesays.com\/de\/wp-json\/wp\/v2\/categories?post=804589"},{"taxonomy":"post_tag","embeddable":true,"href":"https:\/\/www.europesays.com\/de\/wp-json\/wp\/v2\/tags?post=804589"}],"curies":[{"name":"wp","href":"https:\/\/api.w.org\/{rel}","templated":true}]}}