{"id":804832,"date":"2026-02-17T15:26:14","date_gmt":"2026-02-17T15:26:14","guid":{"rendered":"https:\/\/www.europesays.com\/de\/804832\/"},"modified":"2026-02-17T15:26:14","modified_gmt":"2026-02-17T15:26:14","slug":"angriff-auf-schauspieler-am-bochumer-schauspielhaus-kultur","status":"publish","type":"post","link":"https:\/\/www.europesays.com\/de\/804832\/","title":{"rendered":"Angriff auf Schauspieler am Bochumer Schauspielhaus &#8211; Kultur"},"content":{"rendered":"<p data-manual=\"paragraph\" data-schema-org-speakable=\"true\" class=\"css-1eosz7k\">\u201eWie weit darf man gehen, um die Demokratie vor der Zerst\u00f6rung zu sch\u00fctzen?\u201c, fragte das Schauspielhaus Bochum vor der Premiere des St\u00fccks \u201eCatarina oder Von der Sch\u00f6nheit, Faschisten zu t\u00f6ten\u201c von\u00a0Tiago Rodrigues, das <a href=\"https:\/\/www.sueddeutsche.de\/kultur\/residenztheater-zerbrochner-krug-mateja-koleznik-kritik-li.3345152\" rel=\"nofollow noopener\" target=\"_blank\">Mateja Kole\u017enik<\/a> inszeniert hat. Bei der Premiere am vergangenen Wochenende entschieden zwei Zuschauer die Frage mit: Auf die B\u00fchne darf man auf jeden Fall gehen.<\/p>\n<p data-manual=\"paragraph\" data-schema-org-speakable=\"true\" class=\"css-1eosz7k\">Beim Schlussmonolog der Figur Romeu (gespielt von Ole Lagerpusch), ein rechtspopulistischer Politiker, erklommen zwei M\u00e4nner die B\u00fchne und versuchten, den Schauspieler von dort herunterzuzerren. Was wiederum von Lagerpuschs Kollegen unterbunden werden konnte.<\/p>\n<p data-manual=\"paragraph\" data-schema-org-speakable=\"true\" class=\"css-1eosz7k\">Zuvor, das berichten mehrere Medien, hatte es w\u00e4hrend des Monologs schon Unmutsbekundungen aus dem Publikum gegeben. Martin Krumbholz, Kritiker des Theaterportals \u201eNachtkritik\u201c, berichtet etwa von einer Frau, die \u201eAufh\u00f6ren\u201c skandierte. Offenbar flog auch eine Orange Richtung Schauspieler. Die Dramaturgin musste das aufgebrachte Publikum schlie\u00dflich beschwichtigen.<\/p>\n<p>K\u00fcnftig soll es Publikumsgespr\u00e4che nach der Vorstellung geben<\/p>\n<p data-manual=\"paragraph\" data-schema-org-speakable=\"true\" class=\"css-1eosz7k\">Erregt hatte die Zuschauer offenbar der Inhalt des Monologs. Romeu (wohlgemerkt: die Figur) schwurbelt <a href=\"https:\/\/www.sueddeutsche.de\/thema\/AfD\" rel=\"nofollow noopener\" target=\"_blank\">AfD<\/a>-artige Dinge, schimpft gegen Homosexuelle und sagt S\u00e4tze wie: \u201eIch muss die Wahrheit sagen. Deswegen lassen Sie mich ganz offen fragen: Wenn sich die Minderheiten st\u00e4ndig \u00fcber unser Land beschweren, warum bleiben sie dann hier?\u201c<\/p>\n<p data-manual=\"paragraph\" data-schema-org-speakable=\"true\" class=\"css-1eosz7k\">Der Inhalt des St\u00fccks des portugiesischen Regisseurs und Dramatikers Rodrigues (der seit 2022 auch <a href=\"https:\/\/www.sueddeutsche.de\/kultur\/theaterfestival-avignon-lux.KeQYEXSYunwJiaiynWwbha\" rel=\"nofollow noopener\" target=\"_blank\">das Theaterfestival in Avignon leitet<\/a>) ist provokant, aber ziemlich originell gedacht: Bei einem Familientreffen in Gedenken an die Portugiesin Catarina Euf\u00e9mia, die am 19. Mai 1954 tats\u00e4chlich von Faschisten erschossen wurde, soll nun jedes Jahr nach dem Essen ein Faschist erschossen werden. So will es die krude Familientradition, so will es das Gesetz der Rache. Doch Romeu, der Faschist, kommt diesmal davon\u00a0\u2013 und hebt zum Schlussmonolog an.<\/p>\n<p data-manual=\"paragraph\" data-schema-org-speakable=\"true\" class=\"css-1eosz7k\">\u201eCatarina oder Von der Sch\u00f6nheit, Faschisten zu t\u00f6ten\u201c wurde bereits 2021 in der Regie des Autors bei den Wiener Festwochen gezeigt, damals auf Portugiesisch, es war auch schon in Frankreich zu sehen, offenbar unter verst\u00e4rktem Einsatz von Sicherheitskr\u00e4ften. Die Inszenierung in Bochum nun ist die deutschsprachige Erstauff\u00fchrung. Mit einem derartigen Tumult hatte man dort eher nicht gerechnet.<\/p>\n<p data-manual=\"paragraph\" data-schema-org-speakable=\"true\" class=\"css-1eosz7k\">In einem Statement lie\u00df das Schauspielhaus wissen: \u201eDass ein Schauspieler in Aus\u00fcbung seiner k\u00fcnstlerischen Arbeit k\u00f6rperliche Angriffe erfahren musste, hat uns zutiefst erschreckt, wir erachten diese \u00dcbergriffigkeit als vollkommen inakzeptabel.\u201c Man begreife sich als \u201eOrt der k\u00fcnstlerischen Auseinandersetzung\u201c, aber eben auch als \u201egesch\u00fctzter Raum.\u201c K\u00fcnftig soll es nach den Vorstellungen Publikumsgespr\u00e4che geben.<\/p>\n","protected":false},"excerpt":{"rendered":"\u201eWie weit darf man gehen, um die Demokratie vor der Zerst\u00f6rung zu sch\u00fctzen?\u201c, fragte das Schauspielhaus Bochum vor&hellip;\n","protected":false},"author":2,"featured_media":804833,"comment_status":"","ping_status":"","sticky":false,"template":"","format":"standard","meta":{"footnotes":"","_share_on_mastodon":"0"},"categories":[1839],"tags":[186,22233,7507,3364,29,9894,30,80,1209,149,94],"class_list":["post-804832","post","type-post","status-publish","format-standard","has-post-thumbnail","category-bochum","tag-afd","tag-aktivismus","tag-bochum","tag-de","tag-deutschland","tag-faschismus","tag-germany","tag-kultur","tag-nordrhein-westfalen","tag-sueddeutsche-zeitung","tag-theater"],"share_on_mastodon":{"url":"https:\/\/pubeurope.com\/@de\/116086674954335028","error":""},"_links":{"self":[{"href":"https:\/\/www.europesays.com\/de\/wp-json\/wp\/v2\/posts\/804832","targetHints":{"allow":["GET"]}}],"collection":[{"href":"https:\/\/www.europesays.com\/de\/wp-json\/wp\/v2\/posts"}],"about":[{"href":"https:\/\/www.europesays.com\/de\/wp-json\/wp\/v2\/types\/post"}],"author":[{"embeddable":true,"href":"https:\/\/www.europesays.com\/de\/wp-json\/wp\/v2\/users\/2"}],"replies":[{"embeddable":true,"href":"https:\/\/www.europesays.com\/de\/wp-json\/wp\/v2\/comments?post=804832"}],"version-history":[{"count":0,"href":"https:\/\/www.europesays.com\/de\/wp-json\/wp\/v2\/posts\/804832\/revisions"}],"wp:featuredmedia":[{"embeddable":true,"href":"https:\/\/www.europesays.com\/de\/wp-json\/wp\/v2\/media\/804833"}],"wp:attachment":[{"href":"https:\/\/www.europesays.com\/de\/wp-json\/wp\/v2\/media?parent=804832"}],"wp:term":[{"taxonomy":"category","embeddable":true,"href":"https:\/\/www.europesays.com\/de\/wp-json\/wp\/v2\/categories?post=804832"},{"taxonomy":"post_tag","embeddable":true,"href":"https:\/\/www.europesays.com\/de\/wp-json\/wp\/v2\/tags?post=804832"}],"curies":[{"name":"wp","href":"https:\/\/api.w.org\/{rel}","templated":true}]}}