{"id":805092,"date":"2026-02-17T17:47:19","date_gmt":"2026-02-17T17:47:19","guid":{"rendered":"https:\/\/www.europesays.com\/de\/805092\/"},"modified":"2026-02-17T17:47:19","modified_gmt":"2026-02-17T17:47:19","slug":"starnberg-bayern-junge-8-von-lkw-ueberrollt-tot-news","status":"publish","type":"post","link":"https:\/\/www.europesays.com\/de\/805092\/","title":{"rendered":"Starnberg (Bayern): Junge (8) von Lkw \u00fcberrollt \u2013 tot! | News"},"content":{"rendered":"<p><a class=\"skip-content skip-content--link\" href=\"#in-content-skip-link-target-v-0-0\">TTS-Player \u00fcberspringen\u21b5<\/a><a id=\"in-content-skip-link-target-v-0-0\" class=\"skip-content--target-link-hidden skip-content skip-content--target-link\" href=\"#in-content-skip-link-target-v-0-0\">Artikel weiterlesen<\/a><\/p>\n<p>Starnberg (Bayern) \u2013 <b>Ein achtj\u00e4hriger Junge wollte nur die Stra\u00dfe \u00fcberqueren \u2013 wenig sp\u00e4ter ist er tot. In Starnberg hat ein Kipplaster das Kind \u00fcberrollt. Der Junge war mit seinem Fahrrad unterwegs und wollte hinter seiner Schwester die Hanfelder Stra\u00dfe \u00fcberqueren, berichtet die Polizei. Zeitgleich bog ein Lastwagen von der M\u00fcnchner Stra\u00dfe ab.<\/b><\/p>\n<p>Der <a href=\"https:\/\/www.bild.de\/themen\/ereignisse\/unfaelle\/auto-news-fotos-videos-17004002.bild.html\" class=\"text-link\" rel=\"nofollow noopener\" target=\"_blank\">Unfall<\/a> ereignete sich am Vormittag gegen 10.30 Uhr. Laut Polizei wurde der Junge von den Reifen des Fahrzeugs mehrfach erfasst und \u00fcberrollt. Helfer reanimierten den Achtj\u00e4hrigen noch am Unfallort. Anschlie\u00dfend brachten Rettungskr\u00e4fte ihn in ein Krankenhaus. Dort <a href=\"https:\/\/www.bild.de\/themen\/specials\/tod\/ratgeber-todesfall-trauer-nachrichten-25350234.bild.html\" class=\"text-link\" rel=\"nofollow noopener\" target=\"_blank\">starb<\/a> der Deutsche laut Polizei an seinen schweren Verletzungen. <\/p>\n<p>Stadt sagt wegen Trag\u00f6die Fasching ab<\/p>\n<p>Gegen den 56 Jahre alten Lastwagenfahrer wird nun wegen des Verdachts auf fahrl\u00e4ssige T\u00f6tung ermittelt. Nach R\u00fccksprache mit der zust\u00e4ndigen Staatsanwaltschaft M\u00fcnchen II wurde ein Gutachten in Auftrag gegeben. Es soll gekl\u00e4rt werden, wie es genau zu dem Unfall kommen konnte. <\/p>\n<p><img decoding=\"async\" width=\"992\" height=\"558\" alt=\"Der Junge wollte laut Polizei diese Stra\u00dfe \u00fcberqueren\" src=\"https:\/\/www.europesays.com\/de\/wp-content\/uploads\/2026\/02\/aa19881ee0f07265147b4908fd33bc23,9413edfa.jpeg\"   class=\"landscape\" loading=\"lazy\"\/><\/p>\n<p class=\"fig__caption__text\">Der Junge wollte laut Polizei diese Stra\u00dfe \u00fcberqueren<\/p>\n<p>Foto: Karl Keim<\/p>\n<p>Auf dem Kirchplatz im Ortskern von Starnberg (<a href=\"https:\/\/www.bild.de\/regional\/bayern\/home-F0nY8r5b4CmXLAXAmTuS\" class=\"text-link\" rel=\"nofollow noopener\" target=\"_blank\">Bayern<\/a>) h\u00e4tte am Dienstag eigentlich noch Fasching gefeiert werden sollen. Nach dem t\u00f6dlichen Unfall sagt die Stadt das Faschingstreiben ab, wie die Starnberger Faschingsgesellschaft Perchalla e.V. \u00fcber Facebook mitteilte.<\/p>\n","protected":false},"excerpt":{"rendered":"TTS-Player \u00fcberspringen\u21b5Artikel weiterlesen Starnberg (Bayern) \u2013 Ein achtj\u00e4hriger Junge wollte nur die Stra\u00dfe \u00fcberqueren \u2013 wenig sp\u00e4ter ist&hellip;\n","protected":false},"author":2,"featured_media":805093,"comment_status":"","ping_status":"","sticky":false,"template":"","format":"standard","meta":{"footnotes":"","_share_on_mastodon":"0"},"categories":[5],"tags":[772,1737,1738,1736,13,16731,1962,181207,14,15,12,22231,138370,45,3533,10,8,9,11,2624,7781],"class_list":["post-805092","post","type-post","status-publish","format-standard","has-post-thumbnail","category-nachrichten","tag-bayern","tag-breaking-news","tag-desk-delta","tag-fb-instantarticles","tag-headlines","tag-junge","tag-lkw","tag-muldenkipper","tag-nachrichten","tag-news","tag-schlagzeilen","tag-starnberg","tag-team-first","tag-texttospeech","tag-todesfall","tag-top-news","tag-top-meldungen","tag-topmeldungen","tag-topnews","tag-unfaelle","tag-unfalltod"],"share_on_mastodon":{"url":"https:\/\/pubeurope.com\/@de\/116087229320456276","error":""},"_links":{"self":[{"href":"https:\/\/www.europesays.com\/de\/wp-json\/wp\/v2\/posts\/805092","targetHints":{"allow":["GET"]}}],"collection":[{"href":"https:\/\/www.europesays.com\/de\/wp-json\/wp\/v2\/posts"}],"about":[{"href":"https:\/\/www.europesays.com\/de\/wp-json\/wp\/v2\/types\/post"}],"author":[{"embeddable":true,"href":"https:\/\/www.europesays.com\/de\/wp-json\/wp\/v2\/users\/2"}],"replies":[{"embeddable":true,"href":"https:\/\/www.europesays.com\/de\/wp-json\/wp\/v2\/comments?post=805092"}],"version-history":[{"count":0,"href":"https:\/\/www.europesays.com\/de\/wp-json\/wp\/v2\/posts\/805092\/revisions"}],"wp:featuredmedia":[{"embeddable":true,"href":"https:\/\/www.europesays.com\/de\/wp-json\/wp\/v2\/media\/805093"}],"wp:attachment":[{"href":"https:\/\/www.europesays.com\/de\/wp-json\/wp\/v2\/media?parent=805092"}],"wp:term":[{"taxonomy":"category","embeddable":true,"href":"https:\/\/www.europesays.com\/de\/wp-json\/wp\/v2\/categories?post=805092"},{"taxonomy":"post_tag","embeddable":true,"href":"https:\/\/www.europesays.com\/de\/wp-json\/wp\/v2\/tags?post=805092"}],"curies":[{"name":"wp","href":"https:\/\/api.w.org\/{rel}","templated":true}]}}