{"id":805140,"date":"2026-02-17T18:11:12","date_gmt":"2026-02-17T18:11:12","guid":{"rendered":"https:\/\/www.europesays.com\/de\/805140\/"},"modified":"2026-02-17T18:11:12","modified_gmt":"2026-02-17T18:11:12","slug":"kosmos-uebernimmt-britische-tochter-komplett","status":"publish","type":"post","link":"https:\/\/www.europesays.com\/de\/805140\/","title":{"rendered":"Kosmos \u00fcbernimmt britische Tochter komplett"},"content":{"rendered":"<p>Die Nachfolge in der Gesch\u00e4ftsf\u00fchrung haben zum 1. Januar 2026 <strong>Emma Hanlon<\/strong> und <strong>Andrew Morris<\/strong> \u00fcbernommen. Das neue F\u00fchrungsteam vereine fundierte Marktkenntnisse mit ausgewiesener Vertriebsexpertise und langj\u00e4hrige Erfahrungen mit dem britischen Spielwaren- und Konsumg\u00fctermarkt.<\/p>\n<p>&#8222;Mit der neuen Eigent\u00fcmerstruktur und dem neu aufgestellten F\u00fchrungsteam wollen wir die internationalen Vertriebsaktivit\u00e4ten weiter skalieren und kontinuierlich ausbauen&#8220;, erl\u00e4utert CEO <strong>Matthias Kienzle<\/strong>. &#8222;Unser Fokus liegt auf der weiteren Marktdurchdringung bestehender Produktkategorien sowie der Erschlie\u00dfung zus\u00e4tzlicher Wachstumspotenziale.&#8220;<\/p>\n<p>Im Rahmen der vollst\u00e4ndigen \u00dcbernahme werden zudem organisatorische Anpassungen vorgenommen und einheitliche Prozesse etabliert, um die Steuerungsf\u00e4higkeit weiter zu erh\u00f6hen. Kosmos will damit die Grundlage f\u00fcr den n\u00e4chsten Wachstumsschritt im britischen Markt schaffen, einem der zentralen Bausteine der internationalen Wachstumsstrategie des Unternehmens.<\/p>\n<p>Neben dem Standort in Gro\u00dfbritannien verf\u00fcgt Kosmos noch \u00fcber eine weitere Auslandsniederlassung in den USA sowie \u00fcber ein weltweites Netz an Vertriebspartnern, die Kosmos Produkte in \u00fcber 80 L\u00e4ndern weltweit vertreiben.<\/p>\n<p><a href=\"https:\/\/www.kosmos.de\/de\" rel=\"nofollow noopener\" target=\"_blank\">www.kosmos.de<\/a><\/p>\n<p>\u00a0<\/p>\n","protected":false},"excerpt":{"rendered":"Die Nachfolge in der Gesch\u00e4ftsf\u00fchrung haben zum 1. Januar 2026 Emma Hanlon und Andrew Morris \u00fcbernommen. Das neue&hellip;\n","protected":false},"author":2,"featured_media":805141,"comment_status":"","ping_status":"","sticky":false,"template":"","format":"standard","meta":{"footnotes":"","_share_on_mastodon":"0"},"categories":[3976],"tags":[331,332,20116,13,14,15,12,3992,3993,3994,3995,3996,3997,54754],"class_list":["post-805140","post","type-post","status-publish","format-standard","has-post-thumbnail","category-vereinigtes-koenigreich","tag-aktuelle-nachrichten","tag-aktuelle-news","tag-alle-news-aus-der-buchbranche","tag-headlines","tag-nachrichten","tag-news","tag-schlagzeilen","tag-uk","tag-united-kingdom","tag-united-kingdom-of-great-britain-and-northern-ireland","tag-vereinigtes-koenigreich","tag-vereinigtes-koenigreich-grossbritannien-und-nordirland","tag-vereinigtes-koenigreich-von-grossbritannien-und-nordirland","tag-verlage"],"share_on_mastodon":{"url":"https:\/\/pubeurope.com\/@de\/116087323762272895","error":""},"_links":{"self":[{"href":"https:\/\/www.europesays.com\/de\/wp-json\/wp\/v2\/posts\/805140","targetHints":{"allow":["GET"]}}],"collection":[{"href":"https:\/\/www.europesays.com\/de\/wp-json\/wp\/v2\/posts"}],"about":[{"href":"https:\/\/www.europesays.com\/de\/wp-json\/wp\/v2\/types\/post"}],"author":[{"embeddable":true,"href":"https:\/\/www.europesays.com\/de\/wp-json\/wp\/v2\/users\/2"}],"replies":[{"embeddable":true,"href":"https:\/\/www.europesays.com\/de\/wp-json\/wp\/v2\/comments?post=805140"}],"version-history":[{"count":0,"href":"https:\/\/www.europesays.com\/de\/wp-json\/wp\/v2\/posts\/805140\/revisions"}],"wp:featuredmedia":[{"embeddable":true,"href":"https:\/\/www.europesays.com\/de\/wp-json\/wp\/v2\/media\/805141"}],"wp:attachment":[{"href":"https:\/\/www.europesays.com\/de\/wp-json\/wp\/v2\/media?parent=805140"}],"wp:term":[{"taxonomy":"category","embeddable":true,"href":"https:\/\/www.europesays.com\/de\/wp-json\/wp\/v2\/categories?post=805140"},{"taxonomy":"post_tag","embeddable":true,"href":"https:\/\/www.europesays.com\/de\/wp-json\/wp\/v2\/tags?post=805140"}],"curies":[{"name":"wp","href":"https:\/\/api.w.org\/{rel}","templated":true}]}}