{"id":80522,"date":"2025-05-03T06:59:08","date_gmt":"2025-05-03T06:59:08","guid":{"rendered":"https:\/\/www.europesays.com\/de\/80522\/"},"modified":"2025-05-03T06:59:08","modified_gmt":"2025-05-03T06:59:08","slug":"buehnenprogramm-und-feuerwerk-bei-rhein-in-flammen","status":"publish","type":"post","link":"https:\/\/www.europesays.com\/de\/80522\/","title":{"rendered":"B\u00fchnenprogramm und Feuerwerk bei Rhein in Flammen"},"content":{"rendered":"<p class=\"small date article__date\">Ver\u00f6ffentlicht:\u00a0Samstag, 03.05.2025 08:50<\/p>\n<p>Am Samstag (03.05.) starten wir in Tag zwei bei Rhein in Flammen in der Bonner Rheinaue &#8211; das ist der Haupttag.<\/p>\n<p><img decoding=\"async\" alt=\"\" src=\"https:\/\/www.europesays.com\/de\/wp-content\/uploads\/2025\/05\/rif2018-img_4670-web_neu.jpg&#038;crop=0x38x1043x652&#038;resize=1043x652&#038;dt=201905031626520.jpeg\" data-size=\"1043x652\"\/>\u00a9 RBRS \/ Sebastian Derix<\/p>\n<p>Um 14 Uhr gehts los, die Musik auf den drei B\u00fchnen beginnt um 16 Uhr. Die Hauptb\u00fchne wird moderiert von unserem Anthony Robbins, dort spielen unter anderem die Bl\u00e4ck F\u00f6\u00f6ss, Stadtrand und Druckluft. Aber auch auf den beiden anderen B\u00fchnen gehts rund, mit Elektro und Rock, unter anderem mit Moguai, der schon Songs f\u00fcr die Sugababes und 2Raumwohnung produzierte, und mit K\u00e4rbholz. H\u00f6hepunkt wird nat\u00fcrlich gegen 23 Uhr das Feuerwerk mit der Drohnenshow &#8211; heute mit verbesserter Technik als im vergangenen Jahr.<\/p>\n","protected":false},"excerpt":{"rendered":"Ver\u00f6ffentlicht:\u00a0Samstag, 03.05.2025 08:50 Am Samstag (03.05.) starten wir in Tag zwei bei Rhein in Flammen in der Bonner&hellip;\n","protected":false},"author":2,"featured_media":80523,"comment_status":"","ping_status":"","sticky":false,"template":"","format":"standard","meta":{"footnotes":"","_share_on_mastodon":"0"},"categories":[1842],"tags":[34181,34180,34182,1741,3364,29,4851,30,1209],"class_list":["post-80522","post","type-post","status-publish","format-standard","has-post-thumbnail","category-bonn","tag-bhnenprogramm","tag-hhepunkt","tag-rhein-in-flamm","tag-bonn","tag-de","tag-deutschland","tag-feuerwerk","tag-germany","tag-nordrhein-westfalen"],"share_on_mastodon":{"url":"https:\/\/pubeurope.com\/@de\/114442611261231471","error":""},"_links":{"self":[{"href":"https:\/\/www.europesays.com\/de\/wp-json\/wp\/v2\/posts\/80522","targetHints":{"allow":["GET"]}}],"collection":[{"href":"https:\/\/www.europesays.com\/de\/wp-json\/wp\/v2\/posts"}],"about":[{"href":"https:\/\/www.europesays.com\/de\/wp-json\/wp\/v2\/types\/post"}],"author":[{"embeddable":true,"href":"https:\/\/www.europesays.com\/de\/wp-json\/wp\/v2\/users\/2"}],"replies":[{"embeddable":true,"href":"https:\/\/www.europesays.com\/de\/wp-json\/wp\/v2\/comments?post=80522"}],"version-history":[{"count":0,"href":"https:\/\/www.europesays.com\/de\/wp-json\/wp\/v2\/posts\/80522\/revisions"}],"wp:featuredmedia":[{"embeddable":true,"href":"https:\/\/www.europesays.com\/de\/wp-json\/wp\/v2\/media\/80523"}],"wp:attachment":[{"href":"https:\/\/www.europesays.com\/de\/wp-json\/wp\/v2\/media?parent=80522"}],"wp:term":[{"taxonomy":"category","embeddable":true,"href":"https:\/\/www.europesays.com\/de\/wp-json\/wp\/v2\/categories?post=80522"},{"taxonomy":"post_tag","embeddable":true,"href":"https:\/\/www.europesays.com\/de\/wp-json\/wp\/v2\/tags?post=80522"}],"curies":[{"name":"wp","href":"https:\/\/api.w.org\/{rel}","templated":true}]}}