{"id":805313,"date":"2026-02-17T19:45:17","date_gmt":"2026-02-17T19:45:17","guid":{"rendered":"https:\/\/www.europesays.com\/de\/805313\/"},"modified":"2026-02-17T19:45:17","modified_gmt":"2026-02-17T19:45:17","slug":"hannover-belebt-innenstadt-schule-zieht-in-leeres-kaufhaus-regional","status":"publish","type":"post","link":"https:\/\/www.europesays.com\/de\/805313\/","title":{"rendered":"Hannover belebt Innenstadt: Schule zieht in leeres Kaufhaus | Regional"},"content":{"rendered":"<p><a class=\"skip-content skip-content--link\" href=\"#in-content-skip-link-target-v-0-0\">TTS-Player \u00fcberspringen\u21b5<\/a><a id=\"in-content-skip-link-target-v-0-0\" class=\"skip-content--target-link-hidden skip-content skip-content--target-link\" href=\"#in-content-skip-link-target-v-0-0\">Artikel weiterlesen<\/a><\/p>\n<p>Hannover \u2013 <b>Die Zeit der gro\u00dfen Einkaufspal\u00e4ste in den Innenst\u00e4dten scheint vorbei zu sein. Studien zufolge stehen derzeit sch\u00e4tzungsweise rund 50 ehemalige Warenh\u00e4user in Deutschland leer, die Nachnutzung ist schwierig. Hannover hat jetzt eine neue Idee pr\u00e4sentiert, um die Ver\u00f6dung der City zu stoppen. In das ehemalige Galeria-Kaufhaus-Geb\u00e4ude in der Altstadt soll eine Schule mit 4000 Sch\u00fclern einziehen!<\/b><\/p>\n<p>Oberb\u00fcrgermeister Belit Onay (45, Gr\u00fcne) und Regionspr\u00e4sident Steffen Krach (46, SPD) stellten das Konzept am Dienstag vor. Die Region <a href=\"https:\/\/www.bild.de\/regional\/hannover\/hannover-regional\/home-16344348.bild.html\" class=\"text-link\" rel=\"nofollow noopener\" target=\"_blank\">Hannover<\/a> mietet das Geb\u00e4ude an, um dort auf drei Etagen die Berufsbildenden <a href=\"https:\/\/www.bild.de\/themen\/organisationen\/schule\/politik-nachrichten-news-fotos-videos-40045138.bild.html\" class=\"text-link\" rel=\"nofollow noopener\" target=\"_blank\">Schulen<\/a> (BBS) Cora Berliner unterzubringen. Die kaufm\u00e4nnische Berufsschule ist derzeit auf zwei Standorte im Stadtgebiet aufgeteilt. Mit dem Umzug w\u00fcrden die etwa 4000 Sch\u00fcler in bester Lage unterrichtet. Regionspr\u00e4sident Krach: \u201eDas tr\u00e4gt zur Innenstadtbelebung bei, denn die Sch\u00fcler und Lehrkr\u00e4fte werden wohl auch im benachbarten Einzelhandel und der Innenstadt-Gastronomie unterwegs sein. Aus meiner Sicht gibt es nur Gewinner.\u201c<\/p>\n<p><img decoding=\"async\" width=\"992\" height=\"558\" alt=\"Investor Oliver Blume zeigt das neue Konzept mit Innenhof statt Rolltreppen, Lern-H\u00e4usern statt Klassenr\u00e4umen\" src=\"https:\/\/www.europesays.com\/de\/wp-content\/uploads\/2026\/02\/470bee90da0417b8a5242608cd73d3aa,d469e878.jpeg\"   class=\"landscape\" loading=\"lazy\"\/><\/p>\n<p class=\"fig__caption__text\">Investor Oliver Blume zeigt das neue Konzept mit Innenhof statt Rolltreppen und \u201eLern-H\u00e4usern\u201c statt Klassenr\u00e4umen<\/p>\n<p>Foto: WWW.SCHEFFEN.DE<\/p>\n<p>Verglaster Innenhof ersetzt die Kaufhaus-Rolltreppen<\/p>\n<p>Auf 30 Jahre gesehen betragen die Mietkosten laut \u201eHannoverscher Allgemeiner Zeitung\u201c 155 Millionen Euro, was immer noch deutlich billiger als ein Schulneubau sei. Bevor der Betrieb startet, soll allerdings das Geb\u00e4ude komplett entkernt werden. Die jetzigen <a href=\"https:\/\/www.bild.de\/themen\/organisationen\/warenhaeuser\/news-fotos-videos-33313646.bild.html\" class=\"text-link\" rel=\"nofollow noopener\" target=\"_blank\">Kaufhaus<\/a>-Rolltreppen werden laut Oliver Blume, dem Besitzer des Geb\u00e4udes, herausgerissen: \u201eDort soll ein verglaster Innenhof entstehen, durch den nat\u00fcrliches Sonnenlicht in das gesamte Geb\u00e4ude f\u00e4llt. Statt Frontalunterricht soll es eine neue Art des Lernens geben mit kleinen H\u00e4usern, welche in die f\u00fcnf Meter hohen Etagen gebaut werden und die Klassenr\u00e4ume ersetzen. Eine Berufsschule der Zukunft, in die die Sch\u00fcler gehen, weil sie Lust darauf haben.\u201c<\/p>\n<p><img decoding=\"async\" width=\"992\" height=\"558\" alt=\"Schulleiterin Christiane Fischer\" src=\"https:\/\/www.europesays.com\/de\/wp-content\/uploads\/2026\/02\/a45860e6ee5f86446d544a69ef0e500c,517f51b2.jpeg\"   class=\"landscape\" loading=\"lazy\"\/><\/p>\n<p class=\"fig__caption__text\">Schulleiterin Christiane Fischer<\/p>\n<p>Foto: WWW.SCHEFFEN.DE<\/p>\n<p>Auch Schulleiterin Christiane Fischer kann es kaum erwarten, in das neue Geb\u00e4ude umzuziehen. Allerdings werden sich Baugenehmigung und Umbauarbeiten wohl noch bis mindestens 2028 hinziehen.<\/p>\n","protected":false},"excerpt":{"rendered":"TTS-Player \u00fcberspringen\u21b5Artikel weiterlesen Hannover \u2013 Die Zeit der gro\u00dfen Einkaufspal\u00e4ste in den Innenst\u00e4dten scheint vorbei zu sein. Studien&hellip;\n","protected":false},"author":2,"featured_media":805314,"comment_status":"","ping_status":"","sticky":false,"template":"","format":"standard","meta":{"footnotes":"","_share_on_mastodon":"0"},"categories":[1836],"tags":[38509,3364,29,8925,45057,30,46,1411,966,45],"class_list":["post-805313","post","type-post","status-publish","format-standard","has-post-thumbnail","category-hannover","tag-berufsschule","tag-de","tag-deutschland","tag-einkaufszentren","tag-galeria-kaufhof","tag-germany","tag-hannover","tag-niedersachsen","tag-schule","tag-texttospeech"],"share_on_mastodon":{"url":"https:\/\/pubeurope.com\/@de\/116087693381113046","error":""},"_links":{"self":[{"href":"https:\/\/www.europesays.com\/de\/wp-json\/wp\/v2\/posts\/805313","targetHints":{"allow":["GET"]}}],"collection":[{"href":"https:\/\/www.europesays.com\/de\/wp-json\/wp\/v2\/posts"}],"about":[{"href":"https:\/\/www.europesays.com\/de\/wp-json\/wp\/v2\/types\/post"}],"author":[{"embeddable":true,"href":"https:\/\/www.europesays.com\/de\/wp-json\/wp\/v2\/users\/2"}],"replies":[{"embeddable":true,"href":"https:\/\/www.europesays.com\/de\/wp-json\/wp\/v2\/comments?post=805313"}],"version-history":[{"count":0,"href":"https:\/\/www.europesays.com\/de\/wp-json\/wp\/v2\/posts\/805313\/revisions"}],"wp:featuredmedia":[{"embeddable":true,"href":"https:\/\/www.europesays.com\/de\/wp-json\/wp\/v2\/media\/805314"}],"wp:attachment":[{"href":"https:\/\/www.europesays.com\/de\/wp-json\/wp\/v2\/media?parent=805313"}],"wp:term":[{"taxonomy":"category","embeddable":true,"href":"https:\/\/www.europesays.com\/de\/wp-json\/wp\/v2\/categories?post=805313"},{"taxonomy":"post_tag","embeddable":true,"href":"https:\/\/www.europesays.com\/de\/wp-json\/wp\/v2\/tags?post=805313"}],"curies":[{"name":"wp","href":"https:\/\/api.w.org\/{rel}","templated":true}]}}