{"id":805722,"date":"2026-02-18T01:10:31","date_gmt":"2026-02-18T01:10:31","guid":{"rendered":"https:\/\/www.europesays.com\/de\/805722\/"},"modified":"2026-02-18T01:10:31","modified_gmt":"2026-02-18T01:10:31","slug":"buergerverein-duessel-sucht-dringend-neuen-vorstand","status":"publish","type":"post","link":"https:\/\/www.europesays.com\/de\/805722\/","title":{"rendered":"B\u00fcrgerverein D\u00fcssel sucht dringend neuen Vorstand"},"content":{"rendered":"<p class=\"text_ohne_einzug richtext text-em-55 !leading-serif mx-6 desktop:mx-0\">  Der Appell klingt ernst, und das ist er auch: \u201eWollen wir das wirklich? D\u00fcssel ohne Dorfplatzpflege, Tannenbaum, Maibaum und Interessenvertretung?\u201c \u2013 so betitelt der B\u00fcrgerverein D\u00fcssel die Einladung zu einer Informationsveranstaltung am kommenden Samstag, 21. Februar, 15 Uhr, im Gemeindesaal der evangelischen Kirchengemeinde D\u00fcssel, Dorfstra\u00dfe 19. Denn dem Traditionsverein des Stadtteils droht das Aus, sollte sich niemand f\u00fcr die Vorstandsarbeit finden. L\u00f6st sich der Verein auf, w\u00e4ren auch die Aktivit\u00e4ten im \u201eDorf\u201c vorbei.<\/p>\n","protected":false},"excerpt":{"rendered":"Der Appell klingt ernst, und das ist er auch: \u201eWollen wir das wirklich? D\u00fcssel ohne Dorfplatzpflege, Tannenbaum, Maibaum&hellip;\n","protected":false},"author":2,"featured_media":805723,"comment_status":"","ping_status":"","sticky":false,"template":"","format":"standard","meta":{"footnotes":"","_share_on_mastodon":"0"},"categories":[1840],"tags":[34477,68422,181315,18897,3364,29,26379,70051,30,29749,181313,1209,37035,49609,10434,29273,181314,181316,27167,4418],"class_list":["post-805722","post","type-post","status-publish","format-standard","has-post-thumbnail","category-wuppertal","tag-aufloesung","tag-buergerverein","tag-buergervereines","tag-buergervereins","tag-de","tag-deutschland","tag-duessel","tag-einladung","tag-germany","tag-informationsveranstaltung","tag-kaulfuss","tag-nordrhein-westfalen","tag-traditionsverein","tag-verantwortlichen","tag-verein","tag-vereins","tag-vereinssterben","tag-vereinsverantwortlichen","tag-wuelfrath","tag-wuppertal"],"share_on_mastodon":{"url":"https:\/\/pubeurope.com\/@de\/116088971247566311","error":""},"_links":{"self":[{"href":"https:\/\/www.europesays.com\/de\/wp-json\/wp\/v2\/posts\/805722","targetHints":{"allow":["GET"]}}],"collection":[{"href":"https:\/\/www.europesays.com\/de\/wp-json\/wp\/v2\/posts"}],"about":[{"href":"https:\/\/www.europesays.com\/de\/wp-json\/wp\/v2\/types\/post"}],"author":[{"embeddable":true,"href":"https:\/\/www.europesays.com\/de\/wp-json\/wp\/v2\/users\/2"}],"replies":[{"embeddable":true,"href":"https:\/\/www.europesays.com\/de\/wp-json\/wp\/v2\/comments?post=805722"}],"version-history":[{"count":0,"href":"https:\/\/www.europesays.com\/de\/wp-json\/wp\/v2\/posts\/805722\/revisions"}],"wp:featuredmedia":[{"embeddable":true,"href":"https:\/\/www.europesays.com\/de\/wp-json\/wp\/v2\/media\/805723"}],"wp:attachment":[{"href":"https:\/\/www.europesays.com\/de\/wp-json\/wp\/v2\/media?parent=805722"}],"wp:term":[{"taxonomy":"category","embeddable":true,"href":"https:\/\/www.europesays.com\/de\/wp-json\/wp\/v2\/categories?post=805722"},{"taxonomy":"post_tag","embeddable":true,"href":"https:\/\/www.europesays.com\/de\/wp-json\/wp\/v2\/tags?post=805722"}],"curies":[{"name":"wp","href":"https:\/\/api.w.org\/{rel}","templated":true}]}}