{"id":805803,"date":"2026-02-18T01:53:12","date_gmt":"2026-02-18T01:53:12","guid":{"rendered":"https:\/\/www.europesays.com\/de\/805803\/"},"modified":"2026-02-18T01:53:12","modified_gmt":"2026-02-18T01:53:12","slug":"hamburg-dammtor-fahrerloser-kleintransporter-ueberrollt-fussgaengerin-panorama","status":"publish","type":"post","link":"https:\/\/www.europesays.com\/de\/805803\/","title":{"rendered":"Hamburg-Dammtor &#8211; Fahrerloser Kleintransporter \u00fcberrollt Fu\u00dfg\u00e4ngerin &#8211; Panorama"},"content":{"rendered":"<p data-manual=\"paragraph\" data-schema-org-speakable=\"true\" class=\"css-1eosz7k\"><a href=\"https:\/\/www.sueddeutsche.de\/thema\/Hamburg\" rel=\"nofollow noopener\" target=\"_blank\">Hamburg<\/a> (dpa) &#8211; Ein fahrerloser und wohl nicht ausreichend gesicherter Kleintransporter ist am Bahnhof Hamburg-Dammtor Treppenstufen herabgerollt und hat dann eine Fu\u00dfg\u00e4ngerin \u00fcberfahren. Die 26-J\u00e4hrige habe Gl\u00fcck im Ungl\u00fcck gehabt und lediglich Prellungen erlitten, teilte ein Polizeisprecher in der Nacht mit. Rettungskr\u00e4fte h\u00e4tten die unter dem Fahrzeug liegende Frau befreit und in ein Krankenhaus gebracht. Nach ersten Erkenntnissen stand der Transporter nicht ausreichend gesichert auf einem Parkplatz, als er sich von selbst in Bewegung setzte und eine achtstufige Treppe auf dem Dag-Hammarskj\u00f6ld-Platz hinabrollte.<\/p>\n<p data-manual=\"paragraph\" data-schema-org-speakable=\"true\" class=\"css-1eosz7k\">\u00a9 dpa-infocom, dpa:260218-930-701188\/1<\/p>\n","protected":false},"excerpt":{"rendered":"Hamburg (dpa) &#8211; Ein fahrerloser und wohl nicht ausreichend gesicherter Kleintransporter ist am Bahnhof Hamburg-Dammtor Treppenstufen herabgerollt und&hellip;\n","protected":false},"author":2,"featured_media":805804,"comment_status":"","ping_status":"","sticky":false,"template":"","format":"standard","meta":{"footnotes":"","_share_on_mastodon":"0"},"categories":[1826],"tags":[33831,29,30,692,4338,1974,149,2624,3094,601],"class_list":["post-805803","post","type-post","status-publish","format-standard","has-post-thumbnail","category-hamburg","tag-dammtor","tag-deutschland","tag-germany","tag-hamburg","tag-notfall","tag-panorama","tag-sueddeutsche-zeitung","tag-unfaelle","tag-unglueck-und-unfall","tag-verkehr"],"share_on_mastodon":{"url":"https:\/\/pubeurope.com\/@de\/116089140761552059","error":""},"_links":{"self":[{"href":"https:\/\/www.europesays.com\/de\/wp-json\/wp\/v2\/posts\/805803","targetHints":{"allow":["GET"]}}],"collection":[{"href":"https:\/\/www.europesays.com\/de\/wp-json\/wp\/v2\/posts"}],"about":[{"href":"https:\/\/www.europesays.com\/de\/wp-json\/wp\/v2\/types\/post"}],"author":[{"embeddable":true,"href":"https:\/\/www.europesays.com\/de\/wp-json\/wp\/v2\/users\/2"}],"replies":[{"embeddable":true,"href":"https:\/\/www.europesays.com\/de\/wp-json\/wp\/v2\/comments?post=805803"}],"version-history":[{"count":0,"href":"https:\/\/www.europesays.com\/de\/wp-json\/wp\/v2\/posts\/805803\/revisions"}],"wp:featuredmedia":[{"embeddable":true,"href":"https:\/\/www.europesays.com\/de\/wp-json\/wp\/v2\/media\/805804"}],"wp:attachment":[{"href":"https:\/\/www.europesays.com\/de\/wp-json\/wp\/v2\/media?parent=805803"}],"wp:term":[{"taxonomy":"category","embeddable":true,"href":"https:\/\/www.europesays.com\/de\/wp-json\/wp\/v2\/categories?post=805803"},{"taxonomy":"post_tag","embeddable":true,"href":"https:\/\/www.europesays.com\/de\/wp-json\/wp\/v2\/tags?post=805803"}],"curies":[{"name":"wp","href":"https:\/\/api.w.org\/{rel}","templated":true}]}}