{"id":805908,"date":"2026-02-18T02:53:12","date_gmt":"2026-02-18T02:53:12","guid":{"rendered":"https:\/\/www.europesays.com\/de\/805908\/"},"modified":"2026-02-18T02:53:12","modified_gmt":"2026-02-18T02:53:12","slug":"coswiger-narren-geben-den-rathausschluessel-zurueck","status":"publish","type":"post","link":"https:\/\/www.europesays.com\/de\/805908\/","title":{"rendered":"Coswiger Narren geben den Rathausschl\u00fcssel zur\u00fcck"},"content":{"rendered":"<p>Am Faschingsdienstag kehrte in Coswig eine langj\u00e4hrige Tradition zur\u00fcck: Die Coswiger Narren \u00fcbergaben den Rathausschl\u00fcssel wieder an das Stadtoberhaupt. Das Prinzenpaar Julia I. und Sebastian II. \u00fcberreichte das symbolische Zeichen der Macht an B\u00fcrgermeisterin Friederike Trommer und markierte damit offiziell das Ende der n\u00e4rrischen Zeit.<\/p>\n<p>Die Schl\u00fcssel\u00fcbergabe fand im Ratssaal statt, wo Vertreter des Coswiger Karneval Clubs (CKC) und zahlreiche Einwohner erschienen waren. In kurzen Ansprachen w\u00fcrdigten das Prinzenpaar und die B\u00fcrgermeisterin die Bedeutung des Brauchs f\u00fcr das Gemeindeleben. Trommer betonte die verbindende Funktion solcher Veranstaltungen f\u00fcr die Stadtgesellschaft und bedankte sich bei den Aktiven des CKC f\u00fcr ihr Engagement.\u00a0Im Rahmen der \u00dcbergabe hatte der CKC ein kleines, unterhaltsames Programm vorbereitet. Unter dem Motto &#8222;Deutschland dreht frei \u2013 der CKC ist mit dabei&#8220; pr\u00e4sentierten Mitglieder des Vereins Gesang, Tanz und humoristische Beitr\u00e4ge. Die Veranstaltung war bewusst kurz gehalten und lud gleichzeitig zum Verweilen und zu Gespr\u00e4chen ein. Ortsans\u00e4ssige Vereine und Besucher lobten die gelungene Mischung aus Tradition und zeitgem\u00e4\u00dfer Unterhaltung.<\/p>\n<p>Das Prinzenpaar, das die n\u00e4rrische Saison repr\u00e4sentierte, zeigte sich erfreut \u00fcber die gro\u00dfe Resonanz. Julia I. und Sebastian II. dankten ihren Mitstreitern und der Bev\u00f6lkerung f\u00fcr die Unterst\u00fctzung w\u00e4hrend der Session. Die symbolische Schl\u00fcssel\u00fcbergabe gilt seit Jahren als Abschlussritual des Faschings in Coswig und steht f\u00fcr ein friedliches Ende der Feierlichkeiten vor der Fastenzeit.<\/p>\n","protected":false},"excerpt":{"rendered":"Am Faschingsdienstag kehrte in Coswig eine langj\u00e4hrige Tradition zur\u00fcck: Die Coswiger Narren \u00fcbergaben den Rathausschl\u00fcssel wieder an das&hellip;\n","protected":false},"author":2,"featured_media":805909,"comment_status":"","ping_status":"","sticky":false,"template":"","format":"standard","meta":{"footnotes":"","_share_on_mastodon":"0"},"categories":[1835],"tags":[181362,15611,3364,29,2386,136900,30,38758,181361,859],"class_list":["post-805908","post","type-post","status-publish","format-standard","has-post-thumbnail","category-dresden","tag-ckc","tag-coswig","tag-de","tag-deutschland","tag-dresden","tag-fasching","tag-germany","tag-prinzenpaar","tag-rathausschlssel","tag-sachsen"],"share_on_mastodon":{"url":"https:\/\/pubeurope.com\/@de\/116089376328173991","error":""},"_links":{"self":[{"href":"https:\/\/www.europesays.com\/de\/wp-json\/wp\/v2\/posts\/805908","targetHints":{"allow":["GET"]}}],"collection":[{"href":"https:\/\/www.europesays.com\/de\/wp-json\/wp\/v2\/posts"}],"about":[{"href":"https:\/\/www.europesays.com\/de\/wp-json\/wp\/v2\/types\/post"}],"author":[{"embeddable":true,"href":"https:\/\/www.europesays.com\/de\/wp-json\/wp\/v2\/users\/2"}],"replies":[{"embeddable":true,"href":"https:\/\/www.europesays.com\/de\/wp-json\/wp\/v2\/comments?post=805908"}],"version-history":[{"count":0,"href":"https:\/\/www.europesays.com\/de\/wp-json\/wp\/v2\/posts\/805908\/revisions"}],"wp:featuredmedia":[{"embeddable":true,"href":"https:\/\/www.europesays.com\/de\/wp-json\/wp\/v2\/media\/805909"}],"wp:attachment":[{"href":"https:\/\/www.europesays.com\/de\/wp-json\/wp\/v2\/media?parent=805908"}],"wp:term":[{"taxonomy":"category","embeddable":true,"href":"https:\/\/www.europesays.com\/de\/wp-json\/wp\/v2\/categories?post=805908"},{"taxonomy":"post_tag","embeddable":true,"href":"https:\/\/www.europesays.com\/de\/wp-json\/wp\/v2\/tags?post=805908"}],"curies":[{"name":"wp","href":"https:\/\/api.w.org\/{rel}","templated":true}]}}