{"id":806100,"date":"2026-02-18T04:41:10","date_gmt":"2026-02-18T04:41:10","guid":{"rendered":"https:\/\/www.europesays.com\/de\/806100\/"},"modified":"2026-02-18T04:41:10","modified_gmt":"2026-02-18T04:41:10","slug":"der-fall-rebecca-reusch-7-jahre-3500-hinweise-keine-heisse-spur-news","status":"publish","type":"post","link":"https:\/\/www.europesays.com\/de\/806100\/","title":{"rendered":"Der Fall Rebecca Reusch: 7 Jahre, 3500 Hinweise, keine hei\u00dfe Spur | News"},"content":{"rendered":"<p><b>Seit nun genau 7 Jahren ist dieser Kriminalfall ungel\u00f6st: das Verschwinden der damals 15-j\u00e4hrigen Rebecca Reusch aus Berlin. Am 18. Februar 2019 wurde Rebecca zum letzten Mal gesehen. Noch immer unter Mordverdacht: ihr Schwager Florian R. (heute 34). Warum k\u00f6nnen die Ermittler ihm nichts nachweisen?<\/b><\/p>\n<p>Erfahren Sie den aktuellen Stand der Ermittlungen mit BILDplus.<\/p>\n","protected":false},"excerpt":{"rendered":"Seit nun genau 7 Jahren ist dieser Kriminalfall ungel\u00f6st: das Verschwinden der damals 15-j\u00e4hrigen Rebecca Reusch aus Berlin.&hellip;\n","protected":false},"author":2,"featured_media":806101,"comment_status":"","ping_status":"","sticky":false,"template":"","format":"standard","meta":{"footnotes":"","_share_on_mastodon":"0"},"categories":[1825],"tags":[296,16999,29,30,83007,2183,2290,526,121,1997,45,119],"class_list":["post-806100","post","type-post","status-publish","format-standard","has-post-thumbnail","category-berlin","tag-berlin","tag-britz","tag-deutschland","tag-germany","tag-kriminalfall-rebecca","tag-mord","tag-mordkommission","tag-neukoelln","tag-polizei","tag-staatsanwaltschaft","tag-texttospeech","tag-vermisste-personen"],"share_on_mastodon":{"url":"https:\/\/pubeurope.com\/@de\/116089800992146332","error":""},"_links":{"self":[{"href":"https:\/\/www.europesays.com\/de\/wp-json\/wp\/v2\/posts\/806100","targetHints":{"allow":["GET"]}}],"collection":[{"href":"https:\/\/www.europesays.com\/de\/wp-json\/wp\/v2\/posts"}],"about":[{"href":"https:\/\/www.europesays.com\/de\/wp-json\/wp\/v2\/types\/post"}],"author":[{"embeddable":true,"href":"https:\/\/www.europesays.com\/de\/wp-json\/wp\/v2\/users\/2"}],"replies":[{"embeddable":true,"href":"https:\/\/www.europesays.com\/de\/wp-json\/wp\/v2\/comments?post=806100"}],"version-history":[{"count":0,"href":"https:\/\/www.europesays.com\/de\/wp-json\/wp\/v2\/posts\/806100\/revisions"}],"wp:featuredmedia":[{"embeddable":true,"href":"https:\/\/www.europesays.com\/de\/wp-json\/wp\/v2\/media\/806101"}],"wp:attachment":[{"href":"https:\/\/www.europesays.com\/de\/wp-json\/wp\/v2\/media?parent=806100"}],"wp:term":[{"taxonomy":"category","embeddable":true,"href":"https:\/\/www.europesays.com\/de\/wp-json\/wp\/v2\/categories?post=806100"},{"taxonomy":"post_tag","embeddable":true,"href":"https:\/\/www.europesays.com\/de\/wp-json\/wp\/v2\/tags?post=806100"}],"curies":[{"name":"wp","href":"https:\/\/api.w.org\/{rel}","templated":true}]}}