{"id":806499,"date":"2026-02-18T08:30:15","date_gmt":"2026-02-18T08:30:15","guid":{"rendered":"https:\/\/www.europesays.com\/de\/806499\/"},"modified":"2026-02-18T08:30:15","modified_gmt":"2026-02-18T08:30:15","slug":"hund-stirbt-bei-wohnungsbrand-in-leipzig","status":"publish","type":"post","link":"https:\/\/www.europesays.com\/de\/806499\/","title":{"rendered":"Hund stirbt bei Wohnungsbrand in Leipzig"},"content":{"rendered":"<p>Br\u00e4nde <\/p>\n<p>Hund stirbt bei Wohnungsbrand in Leipzig<\/p>\n<p>Aktualisiert am 18.02.2026 &#8211; 09:18 UhrLesedauer: 1 Min.<\/p>\n<p><a href=\"#focus-0\" class=\"transition-colors duration-200 block text-current relative\" data-sctrack=\"FocusGalleryImage.Reference\"><img fetchpriority=\"high\" data-testid=\"Opener.Image\" style=\"--lqipURL:url('https:\/\/images.t-online.de\/2026\/02\/K8B4OShaboQc\/0x192:2048x1152\/fit-in\/150x0\/filters:blur(25)\/in-leipzig-ist-ein-hund-bei-einem-wohnungsbrand-ums-leben-gekommen-symbolbild.jpg')\"   loading=\"eager\" src=\"https:\/\/www.europesays.com\/de\/wp-content\/uploads\/2026\/02\/in-leipzig-ist-ein-hund-bei-einem-wohnungsbrand-ums-leben-gekommen-symbolbild.jpg\" alt=\"Feuerwehr\" title=\"Feuerwehr\" width=\"2048\" height=\"1152\" class=\"bg-[url:var(--lqipURL)] bg-cover bg-center flex h-full w-full max-w-full\" decoding=\"async\"\/><img style=\"--width:32;--height:32\" loading=\"lazy\" src=\"https:\/\/www.t-online.de\/s\/paper\/_next\/static\/media\/zoom-in.f7dae02f.svg\" alt=\"Vergr\u00f6\u00dfern des Bildes\" title=\"Vergr\u00f6\u00dfern des Bildes\" class=\"block h-[calc(var(--height)_\/_16_*_1rem)] w-[calc(var(--width)_\/_16_*_1rem)] max-w-none absolute bottom-8 right-8 rounded-4 bg-snow p-8\" decoding=\"async\"\/><\/a><\/p>\n<p>In Leipzig ist ein Hund bei einem Wohnungsbrand ums Leben gekommen. (Symbolbild) (Quelle: Sabina Crisan\/dpa\/dpa-bilder)<\/p>\n<p class=\"font-bold text-18 leading-17 user-text-lg:text-22 user-text-xl:text-24\">In einer Wohnung in Leipzig-Gr\u00fcnau lassen Mieter anscheinend eine offene Flamme unbeaufsichtigt. F\u00fcr ihre beiden Hunde hat das schwere Folgen.<\/p>\n<p class=\"text-18 leading-17 user-text-lg:text-22 user-text-xl:text-24\">Bei einem Wohnungsbrand in Leipzig ist ein Hund gestorben. Ein weiterer wurde verletzt, wie die Polizei mitteilte. Den Angaben nach war das Feuer am Dienstag durch &#8222;unsachgem\u00e4\u00dfen Umgang mit offenem Feuer&#8220; in einer Wohnung eines Mehrfamilienhauses entstanden.<\/p>\n<p class=\"text-18 leading-17 user-text-lg:text-22 user-text-xl:text-24\">Die Mieter, ein 24-j\u00e4hriger Mann und eine 34-j\u00e4hrige Frau, befanden sich zum Zeitpunkt des Brandes nicht in der Wohnung im Stadtteil Gr\u00fcnau-Mitte. Offenbar lie\u00dfen sie eine offene Flamme unbeaufsichtigt, sodass es zu dem Brand kam, wie eine Sprecherin der Polizei mitteilte. Das Geb\u00e4ude ist derzeit unbewohnbar. Angaben zum entstandenen Sachschaden liegen noch nicht vor.<\/p>\n","protected":false},"excerpt":{"rendered":"Br\u00e4nde Hund stirbt bei Wohnungsbrand in Leipzig Aktualisiert am 18.02.2026 &#8211; 09:18 UhrLesedauer: 1 Min. In Leipzig ist&hellip;\n","protected":false},"author":2,"featured_media":806500,"comment_status":"","ping_status":"","sticky":false,"template":"","format":"standard","meta":{"footnotes":"","_share_on_mastodon":"0"},"categories":[1832],"tags":[2919,3364,29,30,604,71,130597,2295,121,859,2537],"class_list":["post-806499","post","type-post","status-publish","format-standard","has-post-thumbnail","category-leipzig","tag-brand","tag-de","tag-deutschland","tag-germany","tag-hund","tag-leipzig","tag-leipzig-gruenau","tag-mieter","tag-polizei","tag-sachsen","tag-wohnungsbrand"],"share_on_mastodon":{"url":"https:\/\/pubeurope.com\/@de\/116090701583499986","error":""},"_links":{"self":[{"href":"https:\/\/www.europesays.com\/de\/wp-json\/wp\/v2\/posts\/806499","targetHints":{"allow":["GET"]}}],"collection":[{"href":"https:\/\/www.europesays.com\/de\/wp-json\/wp\/v2\/posts"}],"about":[{"href":"https:\/\/www.europesays.com\/de\/wp-json\/wp\/v2\/types\/post"}],"author":[{"embeddable":true,"href":"https:\/\/www.europesays.com\/de\/wp-json\/wp\/v2\/users\/2"}],"replies":[{"embeddable":true,"href":"https:\/\/www.europesays.com\/de\/wp-json\/wp\/v2\/comments?post=806499"}],"version-history":[{"count":0,"href":"https:\/\/www.europesays.com\/de\/wp-json\/wp\/v2\/posts\/806499\/revisions"}],"wp:featuredmedia":[{"embeddable":true,"href":"https:\/\/www.europesays.com\/de\/wp-json\/wp\/v2\/media\/806500"}],"wp:attachment":[{"href":"https:\/\/www.europesays.com\/de\/wp-json\/wp\/v2\/media?parent=806499"}],"wp:term":[{"taxonomy":"category","embeddable":true,"href":"https:\/\/www.europesays.com\/de\/wp-json\/wp\/v2\/categories?post=806499"},{"taxonomy":"post_tag","embeddable":true,"href":"https:\/\/www.europesays.com\/de\/wp-json\/wp\/v2\/tags?post=806499"}],"curies":[{"name":"wp","href":"https:\/\/api.w.org\/{rel}","templated":true}]}}