{"id":806528,"date":"2026-02-18T08:45:21","date_gmt":"2026-02-18T08:45:21","guid":{"rendered":"https:\/\/www.europesays.com\/de\/806528\/"},"modified":"2026-02-18T08:45:21","modified_gmt":"2026-02-18T08:45:21","slug":"ramadan-beleuchtung-in-der-hauptstadt-integration-braucht-keine-lichterketten","status":"publish","type":"post","link":"https:\/\/www.europesays.com\/de\/806528\/","title":{"rendered":"Ramadan-Beleuchtung in der Hauptstadt? Integration braucht keine Lichterketten"},"content":{"rendered":"<p class=\"expressive-copy-lg-body\"><a href=\"https:\/\/www.morgenpost.de\/panorama\/frankfurt-am-main\/\" data-category-full-path=\"https:\/\/www.morgenpost.de\/panorama\/\" data-paid-status=\"free\" data-article-publish-date=\"1656512394\" rel=\"nofollow noopener\" target=\"_blank\">Frankfurt<\/a> h\u00e4ngt zum <a href=\"https:\/\/www.morgenpost.de\/panorama\/ramadan\/\" data-category-full-path=\"https:\/\/www.morgenpost.de\/panorama\/\" data-paid-status=\"free\" data-article-publish-date=\"1678110740\" rel=\"nofollow noopener\" target=\"_blank\">Ramadan<\/a> wieder Halbmonde auf. \u201eHappy Ramadan\u201c leuchtet \u00fcber einer stark frequentierten Einkaufsstra\u00dfe. Die Botschaft: Sichtbarkeit, Wertsch\u00e4tzung, Vielfalt. Die Frage, die nun auch <a href=\"https:\/\/www.morgenpost.de\/panorama\/berlin\/\" data-category-full-path=\"https:\/\/www.morgenpost.de\/panorama\/\" data-paid-status=\"free\" data-article-publish-date=\"1632225361\" rel=\"nofollow noopener\" target=\"_blank\">Berlin<\/a> erreichen k\u00f6nnte, lautet: Sollten andere St\u00e4dte nachziehen?<\/p>\n<p class=\"expressive-copy-lg-body\">Die ehrliche Antwort ist unbequemer als jede Symboldebatte: Integration braucht keine Lichterketten. Und der Staat \u2013 auch in Gestalt einer Kommune \u2013 muss Religion nicht \u00f6ffentlich inszenieren, um Religionsfreiheit zu garantieren.<\/p>\n<p>            <img decoding=\"async\" src=\"https:\/\/www.europesays.com\/de\/wp-content\/uploads\/2026\/02\/411136759_1770392573_v16_9_1200.jpeg\" class=\"relative z-10 block w-full object-cover aspect-[4\/3]\" alt=\"Ein Mann beim Gebet w\u00e4hrend des Fastenmonats Ramadan.\" title=\"Ein Mann beim Gebet w\u00e4hrend des Fastenmonats Ramadan.\" loading=\"lazy\"\/><\/p>\n<p class=\"expressive-copy-lg-body\"><a href=\"https:\/\/www.morgenpost.de\/panorama\/islam\/\" data-category-full-path=\"https:\/\/www.morgenpost.de\/panorama\/\" data-paid-status=\"free\" data-article-publish-date=\"1681811930\" rel=\"nofollow noopener\" target=\"_blank\">Muslime<\/a> geh\u00f6ren zu Deutschland. Sie sind Berlinerinnen und Berliner, Freundinnen und Freunde, Kolleginnen und Kollegen. Integration ist keine Gnade, sondern Verfassungsauftrag: gleiche Rechte, gleiche Pflichten, gleiche Chancen. Wer hier lebt, soll dazugeh\u00f6ren k\u00f6nnen \u2013 unabh\u00e4ngig vom Glauben. Daran darf es keinen Zweifel geben.<\/p>\n<p class=\"expressive-copy-lg-body\">Gerade deshalb sollte man die eigentliche Frage klar benennen: Wie viel religi\u00f6se Sichtbarkeit soll eine Kommune selbst organisieren? Der Staat garantiert Religionsfreiheit. Er sch\u00fctzt Glauben \u2013 und Nichtglauben. Aber er ist nicht dazu da, religi\u00f6se oder weltanschauliche Identit\u00e4ten \u00f6ffentlich zu inszenieren.<\/p>\n<p>  Kommune als Kurator: Wer entscheidet \u00fcber religi\u00f6se Sichtbarkeit?<\/p>\n<p class=\"expressive-copy-lg-body\">Nat\u00fcrlich haben Symbole Wirkung. In Zeiten, in denen antimuslimischer Rassismus Realit\u00e4t ist, kann \u00f6ffentliche Sichtbarkeit als politisches Signal der Solidarit\u00e4t verstanden werden. F\u00fcr viele Gl\u00e4ubige bedeutet sie Anerkennung. Wer das bestreitet, untersch\u00e4tzt ihre gesellschaftliche Kraft.<\/p>\n<p class=\"expressive-copy-lg-body\">Aber genau hier beginnt das Problem. Wenn Kommunen religi\u00f6se Zeichen selbst organisieren, schaffen sie Pr\u00e4zedenzf\u00e4lle. Dann stellt sich unweigerlich die Frage: Welche Religionen werden sichtbar gemacht \u2013 und welche nicht? Ramadan, Chanukka, Diwali? Nach welchen Kriterien entscheidet eine Verwaltung \u00fcber spirituelle Repr\u00e4sentation? Der s\u00e4kulare Staat ger\u00e4t in eine Rolle, die ihm nicht zukommt: Er wird zum Kurator religi\u00f6ser Identit\u00e4ten.<\/p>\n<p>Integration gelingt durch gleiche Chancen f\u00fcr alle<\/p>\n<p class=\"expressive-copy-lg-body\">Manche werden einwenden, auch Weihnachten sei im \u00f6ffentlichen Raum sichtbar. Vieles davon ist historisch gewachsen und kulturell verankert. Doch selbst gewachsene Tradition entbindet den Staat nicht von der Pflicht zur Zur\u00fcckhaltung, wenn neue symbolische Zeichen gesetzt werden. Die Aufgabe staatlicher Institutionen ist nicht, religi\u00f6se Gleichgewichte auszuleuchten, sondern Freiheit zu sichern.<\/p>\n<p class=\"expressive-copy-lg-body\">Zugeh\u00f6rigkeit entsteht nicht an der Fassade, sondern in den Strukturen. Sie entsteht in Kitas, in denen Sprachf\u00f6rderung funktioniert. In Schulen, in denen Bildungserfolg nicht vom Elternhaus abh\u00e4ngt. Auf einem Arbeitsmarkt, der Qualifikation belohnt, statt Herkunft zu sortieren. In Beh\u00f6rden, die konsequent gegen Diskriminierung vorgehen. Und in einer Gesellschaft, die gleiche Regeln f\u00fcr alle durchsetzt \u2013 und von allen akzeptieren l\u00e4sst.<\/p>\n<p>\n        Jetzt den \u201eMorgenpost Sp\u00e4ti\u201c abonnieren<\/p>\n<p class=\"expressive-copy-lg-body\">Ein selbstbewusster Staat muss nicht leuchten, um liberal zu sein. Er beweist seine Offenheit nicht durch Installationen, sondern durch Verl\u00e4sslichkeit. Symbolpolitik kann Debatten befrieden, aber sie ersetzt keine Integrationspolitik.<\/p>\n<p>            Morgenpost der Chefredaktion<\/p>\n<p>Die ersten News des Tages \u2013 direkt von der Chefredaktion. Montag bis Samstag um 6:30 Uhr.<\/p>\n<p>            <img decoding=\"async\" src=\"https:\/\/www.europesays.com\/de\/wp-content\/uploads\/2026\/02\/1771325238_618_newsletter-envelope.png\" alt=\"Newsletter Illustration\" class=\"h-full w-full max-w-full object-cover md:max-w-[226px] lg:max-w-[234px]\" loading=\"lazy\"\/><\/p>\n<p>              Morgenpost der Chefredaktion<\/p>\n<p>Die ersten News des Tages \u2013 direkt von der Chefredaktion. Montag bis Samstag um 6:30 Uhr.<\/p>\n<p>              Mit meiner Anmeldung zum Newsletter stimme ich der<br \/>\n              <a href=\"https:\/\/www.morgenpost.de\/service\/newsletter-adconsent\" class=\"text-copy-accent underline decoration-solid underline-offset-1 hover:text-primary-700\" rel=\"nofollow noopener\" target=\"_blank\">Werbevereinbarung<\/a><br \/>\n              zu.<\/p>\n<p class=\"expressive-copy-lg-body\">Berlin kann offen f\u00fcr alle sein und zugleich kulturell verwurzelt bleiben. Es muss nicht jede religi\u00f6se Identit\u00e4t \u00f6ffentlich ausleuchten, um Respekt zu zeigen. Integration beginnt nicht im Lichterglanz. Sie beginnt dort, wo gleiche Rechte tats\u00e4chlich gleiche Chancen werden.<\/p>\n","protected":false},"excerpt":{"rendered":"Frankfurt h\u00e4ngt zum Ramadan wieder Halbmonde auf. \u201eHappy Ramadan\u201c leuchtet \u00fcber einer stark frequentierten Einkaufsstra\u00dfe. Die Botschaft: Sichtbarkeit,&hellip;\n","protected":false},"author":2,"featured_media":806529,"comment_status":"","ping_status":"","sticky":false,"template":"","format":"standard","meta":{"footnotes":"","_share_on_mastodon":"0"},"categories":[1825],"tags":[1941,1939,296,1937,29,30,1940,1938],"class_list":["post-806528","post","type-post","status-publish","format-standard","has-post-thumbnail","category-berlin","tag-aktuelle-nachrichten-aus-berlin","tag-aktuelle-news-aus-berlin","tag-berlin","tag-berlin-news","tag-deutschland","tag-germany","tag-nachrichten-aus-berlin","tag-news-aus-berlin"],"share_on_mastodon":{"url":"https:\/\/pubeurope.com\/@de\/116090760339160441","error":""},"_links":{"self":[{"href":"https:\/\/www.europesays.com\/de\/wp-json\/wp\/v2\/posts\/806528","targetHints":{"allow":["GET"]}}],"collection":[{"href":"https:\/\/www.europesays.com\/de\/wp-json\/wp\/v2\/posts"}],"about":[{"href":"https:\/\/www.europesays.com\/de\/wp-json\/wp\/v2\/types\/post"}],"author":[{"embeddable":true,"href":"https:\/\/www.europesays.com\/de\/wp-json\/wp\/v2\/users\/2"}],"replies":[{"embeddable":true,"href":"https:\/\/www.europesays.com\/de\/wp-json\/wp\/v2\/comments?post=806528"}],"version-history":[{"count":0,"href":"https:\/\/www.europesays.com\/de\/wp-json\/wp\/v2\/posts\/806528\/revisions"}],"wp:featuredmedia":[{"embeddable":true,"href":"https:\/\/www.europesays.com\/de\/wp-json\/wp\/v2\/media\/806529"}],"wp:attachment":[{"href":"https:\/\/www.europesays.com\/de\/wp-json\/wp\/v2\/media?parent=806528"}],"wp:term":[{"taxonomy":"category","embeddable":true,"href":"https:\/\/www.europesays.com\/de\/wp-json\/wp\/v2\/categories?post=806528"},{"taxonomy":"post_tag","embeddable":true,"href":"https:\/\/www.europesays.com\/de\/wp-json\/wp\/v2\/tags?post=806528"}],"curies":[{"name":"wp","href":"https:\/\/api.w.org\/{rel}","templated":true}]}}