{"id":806532,"date":"2026-02-18T08:47:12","date_gmt":"2026-02-18T08:47:12","guid":{"rendered":"https:\/\/www.europesays.com\/de\/806532\/"},"modified":"2026-02-18T08:47:12","modified_gmt":"2026-02-18T08:47:12","slug":"senior-aus-berlin-lichterfelde-liegt-im-krankenhaus","status":"publish","type":"post","link":"https:\/\/www.europesays.com\/de\/806532\/","title":{"rendered":"Senior aus Berlin-Lichterfelde liegt im Krankenhaus"},"content":{"rendered":"<p class=\"tspCCnp tspCCnq\">Der vermisste 71-J\u00e4hrige, der am Montag aus dem Benjamin-Franklin-Klinikum am Hindenburgdamm in Berlin-Lichterfelde verschwunden und seitdem vermisst worden war, ist gefunden worden. Das teilte die Polizei am Mittwoch mit. Demnach befindet sich der Mann derzeit im Krankenhaus. <\/p>\n<p>Lesen Sie mehr aus Berlins Bezirken im Tagesspiegel<a href=\"https:\/\/www.tagesspiegel.de\/berlin\/bezirke\/spandau\/berlins-bullengraben-entsteht-hier-der-neue-grunzug-an-spandaus-bekannter-tankstelle-15261287.html?icid=topic-list_15261741___\" data-gtm-class=\"article-mzt-link\" data-hydrate-fingerprint=\"09740a54944caac75fd2c0c63fd5c5df\" data-hydrate-props=\"{&amp;escapedquot;element&amp;escapedquot;:{&amp;escapedquot;type&amp;escapedquot;:&amp;escapedquot;relatedContent&amp;escapedquot;,&amp;escapedquot;fieldMap&amp;escapedquot;:{},&amp;escapedquot;relation&amp;escapedquot;:{&amp;escapedquot;fields&amp;escapedquot;:{&amp;escapedquot;isPaid&amp;escapedquot;:true},&amp;escapedquot;href&amp;escapedquot;:&amp;escapedquot;\/berlin\/bezirke\/spandau\/berlins-bullengraben-entsteht-hier-der-neue-grunzug-an-spandaus-bekannter-tankstelle-15261287.html&amp;escapedquot;,&amp;escapedquot;teaserTitle&amp;escapedquot;:{&amp;escapedquot;kicker&amp;escapedquot;:&amp;escapedquot;Berlins Bullengraben&amp;escapedquot;,&amp;escapedquot;headline&amp;escapedquot;:&amp;escapedquot;Entsteht hier der neue Gr\u00fcnzug an Spandaus bekannter Tankstelle?&amp;escapedquot;},&amp;escapedquot;id&amp;escapedquot;:&amp;escapedquot;15261287&amp;escapedquot;,&amp;escapedquot;type&amp;escapedquot;:&amp;escapedquot;story&amp;escapedquot;},&amp;escapedquot;isPartOfList&amp;escapedquot;:true,&amp;escapedquot;topicListType&amp;escapedquot;:&amp;escapedquot;topic-list&amp;escapedquot;},&amp;escapedquot;showArrow&amp;escapedquot;:true}\" data-hydrate-slots=\"{&#039;default&#039;:[]}\" class=\"tspC3qb tspC2p9\" rel=\"nofollow noopener\" target=\"_blank\">Berlins Bullengraben Entsteht hier der neue Gr\u00fcnzug an Spandaus bekannter Tankstelle? <\/a><a href=\"https:\/\/www.tagesspiegel.de\/berlin\/bezirke\/spandau\/berlins-60-millionen-euro-baustelle-freie-fahrt-fur-die-schiffe--bis-zur-nachsten-bauetappe-15260029.html?icid=topic-list_15261741___\" data-gtm-class=\"article-mzt-link\" data-hydrate-fingerprint=\"09740a54944caac75fd2c0c63fd5c5df\" data-hydrate-props=\"{&amp;escapedquot;element&amp;escapedquot;:{&amp;escapedquot;type&amp;escapedquot;:&amp;escapedquot;relatedContent&amp;escapedquot;,&amp;escapedquot;fieldMap&amp;escapedquot;:{},&amp;escapedquot;relation&amp;escapedquot;:{&amp;escapedquot;fields&amp;escapedquot;:{&amp;escapedquot;isPaid&amp;escapedquot;:true},&amp;escapedquot;href&amp;escapedquot;:&amp;escapedquot;\/berlin\/bezirke\/spandau\/berlins-60-millionen-euro-baustelle-freie-fahrt-fur-die-schiffe--bis-zur-nachsten-bauetappe-15260029.html&amp;escapedquot;,&amp;escapedquot;teaserTitle&amp;escapedquot;:{&amp;escapedquot;kicker&amp;escapedquot;:&amp;escapedquot;Berlins 60-Millionen-Euro-Baustelle&amp;escapedquot;,&amp;escapedquot;headline&amp;escapedquot;:&amp;escapedquot;Freie Fahrt f\u00fcr die Schiffe \u2013 bis zur n\u00e4chsten Bauetappe&amp;escapedquot;},&amp;escapedquot;id&amp;escapedquot;:&amp;escapedquot;15260029&amp;escapedquot;,&amp;escapedquot;type&amp;escapedquot;:&amp;escapedquot;story&amp;escapedquot;},&amp;escapedquot;isPartOfList&amp;escapedquot;:true,&amp;escapedquot;topicListType&amp;escapedquot;:&amp;escapedquot;topic-list&amp;escapedquot;},&amp;escapedquot;showArrow&amp;escapedquot;:true}\" data-hydrate-slots=\"{&#039;default&#039;:[]}\" class=\"tspC3qb tspC2p9\" rel=\"nofollow noopener\" target=\"_blank\">Berlins 60-Millionen-Euro-Baustelle Freie Fahrt f\u00fcr die Schiffe \u2013 bis zur n\u00e4chsten Bauetappe <\/a><a href=\"https:\/\/www.tagesspiegel.de\/berlin\/bezirke\/tempelhof-schoeneberg\/berliner-bauprojekt-verargert-anwohner-erst-weichen-baume-dann-verschwindet-die-altersschwache-brucke-15261099.html?icid=topic-list_15261741___\" data-gtm-class=\"article-mzt-link\" data-hydrate-fingerprint=\"09740a54944caac75fd2c0c63fd5c5df\" data-hydrate-props=\"{&amp;escapedquot;element&amp;escapedquot;:{&amp;escapedquot;type&amp;escapedquot;:&amp;escapedquot;relatedContent&amp;escapedquot;,&amp;escapedquot;fieldMap&amp;escapedquot;:{},&amp;escapedquot;relation&amp;escapedquot;:{&amp;escapedquot;fields&amp;escapedquot;:{&amp;escapedquot;isPaid&amp;escapedquot;:true},&amp;escapedquot;href&amp;escapedquot;:&amp;escapedquot;\/berlin\/bezirke\/tempelhof-schoeneberg\/berliner-bauprojekt-verargert-anwohner-erst-weichen-baume-dann-verschwindet-die-altersschwache-brucke-15261099.html&amp;escapedquot;,&amp;escapedquot;teaserTitle&amp;escapedquot;:{&amp;escapedquot;kicker&amp;escapedquot;:&amp;escapedquot;Berliner Bauprojekt ver\u00e4rgert Anwohner &amp;escapedquot;,&amp;escapedquot;headline&amp;escapedquot;:&amp;escapedquot;Erst weichen B\u00e4ume, dann verschwindet die altersschwache Br\u00fccke&amp;escapedquot;},&amp;escapedquot;id&amp;escapedquot;:&amp;escapedquot;15261099&amp;escapedquot;,&amp;escapedquot;type&amp;escapedquot;:&amp;escapedquot;story&amp;escapedquot;},&amp;escapedquot;isPartOfList&amp;escapedquot;:true,&amp;escapedquot;topicListType&amp;escapedquot;:&amp;escapedquot;topic-list&amp;escapedquot;},&amp;escapedquot;showArrow&amp;escapedquot;:true}\" data-hydrate-slots=\"{&#039;default&#039;:[]}\" class=\"tspC3qb tspC2p9\" rel=\"nofollow noopener\" target=\"_blank\">Berliner Bauprojekt ver\u00e4rgert Anwohner  Erst weichen B\u00e4ume, dann verschwindet die altersschwache Br\u00fccke <\/a><\/p>\n<p class=\"tspCCnp\">Die Polizei hatte am Dienstag Fotos des Mannes ver\u00f6ffentlicht und um Mithilfe bei der Suche nach ihm gebeten. Die Beamten gingen davon aus, dass der 71-J\u00e4hrige hilfs- und orientierungslos ist. (Tsp)<\/p>\n<p class=\"tspCCnp\">Mehr aus Berlins Bezirken lesen Sie <strong>in unseren Bezirksnewslettern<\/strong>, die zu unserem digitalen Angebot<strong> <\/strong>Tagesspiegel Plus (T+) geh\u00f6ren. <strong>Bestellbar <a href=\"https:\/\/leute.tagesspiegel.de\/\" target=\"_blank\" rel=\"noopener nofollow\" class=\"link link--external\" data-gtm-class=\"article-text-link\" data-gtm-val=\"external\" aria-describedby=\"message-target-blank\">unter diesem Link.<\/a><\/strong><\/p>\n","protected":false},"excerpt":{"rendered":"Der vermisste 71-J\u00e4hrige, der am Montag aus dem Benjamin-Franklin-Klinikum am Hindenburgdamm in Berlin-Lichterfelde verschwunden und seitdem vermisst worden&hellip;\n","protected":false},"author":2,"featured_media":806533,"comment_status":"","ping_status":"","sticky":false,"template":"","format":"standard","meta":{"footnotes":"","_share_on_mastodon":"0"},"categories":[1825],"tags":[296,29,30],"class_list":["post-806532","post","type-post","status-publish","format-standard","has-post-thumbnail","category-berlin","tag-berlin","tag-deutschland","tag-germany"],"share_on_mastodon":{"url":"https:\/\/pubeurope.com\/@de\/116090768311006062","error":""},"_links":{"self":[{"href":"https:\/\/www.europesays.com\/de\/wp-json\/wp\/v2\/posts\/806532","targetHints":{"allow":["GET"]}}],"collection":[{"href":"https:\/\/www.europesays.com\/de\/wp-json\/wp\/v2\/posts"}],"about":[{"href":"https:\/\/www.europesays.com\/de\/wp-json\/wp\/v2\/types\/post"}],"author":[{"embeddable":true,"href":"https:\/\/www.europesays.com\/de\/wp-json\/wp\/v2\/users\/2"}],"replies":[{"embeddable":true,"href":"https:\/\/www.europesays.com\/de\/wp-json\/wp\/v2\/comments?post=806532"}],"version-history":[{"count":0,"href":"https:\/\/www.europesays.com\/de\/wp-json\/wp\/v2\/posts\/806532\/revisions"}],"wp:featuredmedia":[{"embeddable":true,"href":"https:\/\/www.europesays.com\/de\/wp-json\/wp\/v2\/media\/806533"}],"wp:attachment":[{"href":"https:\/\/www.europesays.com\/de\/wp-json\/wp\/v2\/media?parent=806532"}],"wp:term":[{"taxonomy":"category","embeddable":true,"href":"https:\/\/www.europesays.com\/de\/wp-json\/wp\/v2\/categories?post=806532"},{"taxonomy":"post_tag","embeddable":true,"href":"https:\/\/www.europesays.com\/de\/wp-json\/wp\/v2\/tags?post=806532"}],"curies":[{"name":"wp","href":"https:\/\/api.w.org\/{rel}","templated":true}]}}