{"id":806534,"date":"2026-02-18T08:48:21","date_gmt":"2026-02-18T08:48:21","guid":{"rendered":"https:\/\/www.europesays.com\/de\/806534\/"},"modified":"2026-02-18T08:48:21","modified_gmt":"2026-02-18T08:48:21","slug":"schuesse-auf-19-jaehrigen-in-berlin-schoeneberg","status":"publish","type":"post","link":"https:\/\/www.europesays.com\/de\/806534\/","title":{"rendered":"Sch\u00fcsse auf 19-J\u00e4hrigen in Berlin-Sch\u00f6neberg"},"content":{"rendered":"<p>Ein 19-J\u00e4hriger ist in der Nacht zu Montag in Berlin-Sch\u00f6neberg angeschossen worden.<\/p>\n<p>Wie die Polizei am Montag mitteilte, war der junge Mann gegen 3 Uhr mit einem Gleichaltrigen in der Herbertstra\u00dfe unterwegs. Demnach soll ein maskierter Mann aus einem Geb\u00fcsch herausgetreten und auf die jungen M\u00e4nner zugelaufen sein. Dann soll er dem 19-J\u00e4hrigen ins Bein geschossen haben. Anschlie\u00dfend soll der T\u00e4ter in ein Auto gestiegen und gefl\u00fcchtet sein.<\/p>\n","protected":false},"excerpt":{"rendered":"Ein 19-J\u00e4hriger ist in der Nacht zu Montag in Berlin-Sch\u00f6neberg angeschossen worden. Wie die Polizei am Montag mitteilte,&hellip;\n","protected":false},"author":2,"featured_media":806535,"comment_status":"","ping_status":"","sticky":false,"template":"","format":"standard","meta":{"footnotes":"","_share_on_mastodon":"0"},"categories":[1825],"tags":[296,29,30,134296],"class_list":["post-806534","post","type-post","status-publish","format-standard","has-post-thumbnail","category-berlin","tag-berlin","tag-deutschland","tag-germany","tag-rbb24tagesschau"],"share_on_mastodon":{"url":"https:\/\/pubeurope.com\/@de\/116090772336678326","error":""},"_links":{"self":[{"href":"https:\/\/www.europesays.com\/de\/wp-json\/wp\/v2\/posts\/806534","targetHints":{"allow":["GET"]}}],"collection":[{"href":"https:\/\/www.europesays.com\/de\/wp-json\/wp\/v2\/posts"}],"about":[{"href":"https:\/\/www.europesays.com\/de\/wp-json\/wp\/v2\/types\/post"}],"author":[{"embeddable":true,"href":"https:\/\/www.europesays.com\/de\/wp-json\/wp\/v2\/users\/2"}],"replies":[{"embeddable":true,"href":"https:\/\/www.europesays.com\/de\/wp-json\/wp\/v2\/comments?post=806534"}],"version-history":[{"count":0,"href":"https:\/\/www.europesays.com\/de\/wp-json\/wp\/v2\/posts\/806534\/revisions"}],"wp:featuredmedia":[{"embeddable":true,"href":"https:\/\/www.europesays.com\/de\/wp-json\/wp\/v2\/media\/806535"}],"wp:attachment":[{"href":"https:\/\/www.europesays.com\/de\/wp-json\/wp\/v2\/media?parent=806534"}],"wp:term":[{"taxonomy":"category","embeddable":true,"href":"https:\/\/www.europesays.com\/de\/wp-json\/wp\/v2\/categories?post=806534"},{"taxonomy":"post_tag","embeddable":true,"href":"https:\/\/www.europesays.com\/de\/wp-json\/wp\/v2\/tags?post=806534"}],"curies":[{"name":"wp","href":"https:\/\/api.w.org\/{rel}","templated":true}]}}