{"id":806556,"date":"2026-02-18T09:00:22","date_gmt":"2026-02-18T09:00:22","guid":{"rendered":"https:\/\/www.europesays.com\/de\/806556\/"},"modified":"2026-02-18T09:00:22","modified_gmt":"2026-02-18T09:00:22","slug":"spannungen-mit-usa-die-welt-hat-sich-veraendert-kanada-ruestet-massiv-auf","status":"publish","type":"post","link":"https:\/\/www.europesays.com\/de\/806556\/","title":{"rendered":"Spannungen mit USA: \u201eDie Welt hat sich ver\u00e4ndert\u201c \u2013 Kanada r\u00fcstet massiv auf"},"content":{"rendered":"<p class=\"is-first-paragraph\" data-external=\"Article.FirstParagraph\">Kanadas Premierminister Mark Carney hat einen milliardenschweren Plan f\u00fcr die Verteidigungsindustrie vorgestellt, der die kanadische Armee st\u00e4rken und die Abh\u00e4ngigkeit von den USA verringern soll. Kanada habe sich beim Schutz des Landes \u201ezu sehr auf unsere geografische Lage und andere verlassen\u201c, sagte Carney am Dienstag in einer Ansprache mit Blick auf das Nachbarland. \u201eDies hat zu einer Verletzlichkeit gef\u00fchrt, die wir uns nicht mehr leisten k\u00f6nnen, und zu Abh\u00e4ngigkeiten, die wir nicht mehr aufrechterhalten k\u00f6nnen\u201c, f\u00fcgte er hinzu.<\/p>\n<p>Carneys B\u00fcro erkl\u00e4rte, die neue Verteidigungsstrategie sehe \u00fcber eine halbe Billion kanadische Dollar (rund 308 Milliarden Euro) \u201ef\u00fcr die Sicherheit, den wirtschaftlichen Wohlstand und die Souver\u00e4nit\u00e4t Kanadas\u201c vor. 180 Milliarden Dollar w\u00fcrden in Beschaffungsma\u00dfnahmen im Verteidigungsbereich und 290 Milliarden Dollar in \u00f6ffentliche Investitionen im Zusammenhang mit Verteidigung in den kommenden zehn Jahren flie\u00dfen. Au\u00dferdem sollen durch die neue Strategie 125.000 hochbezahlte Arbeitspl\u00e4tze geschaffen werden.<\/p>\n<p>Der Plan sehe eine Verbesserung der Verteidigungsf\u00e4higkeit zu Lande, zu Wasser und in der Luft vor, sagte Carney. \u201eDie Welt hat sich ver\u00e4ndert, also muss sich auch Kanada ver\u00e4ndern\u201c, erg\u00e4nzte er.<\/p>\n<p>Carney geh\u00f6rt zu den internationalen Stimmen, die die Regierung von US-Pr\u00e4sident Donald Trump scharf kritisieren. Auf dem Weltwirtschaftsforum in Davos im vergangenen Monat hatte er erkl\u00e4rt, Trump habe einen \u201eBruch\u201c in der regelbasierten Weltordnung ausgel\u00f6st.<\/p>\n<p>Am Dienstag ging Carney nun auf die Rede von US-Au\u00dfenminister Marco Rubio auf der M\u00fcnchner Sicherheitskonferenz in der vergangenen Woche ein und konstatierte eine wachsende Kluft zwischen den Werten der USA und Kanadas.<\/p>\n<p>Nach der Vorstellung des Verteidigungsplans sagte Carney vor Journalisten \u2013 ohne danach gefragt worden zu sein \u2013 mit Blick auf \u00c4u\u00dferungen Rubios zu einem \u201echristlichen Nationalismus\u201c in den USA: \u201eDer kanadische Nationalismus ist ein ziviler Nationalismus\u201c, und der Auftrag seiner Regierung sei es, die Rechte aller Menschen in einem riesigen und vielf\u00e4ltigen Land zu verteidigen.<\/p>\n<p>In M\u00fcnchen hatte Rubio betont, die \u201ewestliche Zivilisation\u201c werde durch \u201eden christlichen Glauben, die Kultur, das Erbe, die Sprache, die Abstammung und die Opfer unserer Vorfahren\u201c definiert.<\/p>\n","protected":false},"excerpt":{"rendered":"Kanadas Premierminister Mark Carney hat einen milliardenschweren Plan f\u00fcr die Verteidigungsindustrie vorgestellt, der die kanadische Armee st\u00e4rken und&hellip;\n","protected":false},"author":2,"featured_media":806557,"comment_status":"","ping_status":"","sticky":false,"template":"","format":"standard","meta":{"footnotes":"","_share_on_mastodon":"0"},"categories":[134],"tags":[15323,175,25824,170,169,29,114,30,30780,24034,171,174,110,113,173,172,716],"class_list":["post-806556","post","type-post","status-publish","format-standard","has-post-thumbnail","category-unternehmen-maerkte","tag-balken-inbox","tag-business","tag-carney","tag-companies","tag-companies-markets","tag-deutschland","tag-donald-geb-1946","tag-germany","tag-kanada-politik","tag-mark","tag-markets","tag-maerkte","tag-newsteam","tag-trump","tag-unternehmen","tag-unternehmen-maerkte","tag-usa-politik"],"share_on_mastodon":{"url":"https:\/\/pubeurope.com\/@de\/116090819399234946","error":""},"_links":{"self":[{"href":"https:\/\/www.europesays.com\/de\/wp-json\/wp\/v2\/posts\/806556","targetHints":{"allow":["GET"]}}],"collection":[{"href":"https:\/\/www.europesays.com\/de\/wp-json\/wp\/v2\/posts"}],"about":[{"href":"https:\/\/www.europesays.com\/de\/wp-json\/wp\/v2\/types\/post"}],"author":[{"embeddable":true,"href":"https:\/\/www.europesays.com\/de\/wp-json\/wp\/v2\/users\/2"}],"replies":[{"embeddable":true,"href":"https:\/\/www.europesays.com\/de\/wp-json\/wp\/v2\/comments?post=806556"}],"version-history":[{"count":0,"href":"https:\/\/www.europesays.com\/de\/wp-json\/wp\/v2\/posts\/806556\/revisions"}],"wp:featuredmedia":[{"embeddable":true,"href":"https:\/\/www.europesays.com\/de\/wp-json\/wp\/v2\/media\/806557"}],"wp:attachment":[{"href":"https:\/\/www.europesays.com\/de\/wp-json\/wp\/v2\/media?parent=806556"}],"wp:term":[{"taxonomy":"category","embeddable":true,"href":"https:\/\/www.europesays.com\/de\/wp-json\/wp\/v2\/categories?post=806556"},{"taxonomy":"post_tag","embeddable":true,"href":"https:\/\/www.europesays.com\/de\/wp-json\/wp\/v2\/tags?post=806556"}],"curies":[{"name":"wp","href":"https:\/\/api.w.org\/{rel}","templated":true}]}}