{"id":806629,"date":"2026-02-18T09:42:12","date_gmt":"2026-02-18T09:42:12","guid":{"rendered":"https:\/\/www.europesays.com\/de\/806629\/"},"modified":"2026-02-18T09:42:12","modified_gmt":"2026-02-18T09:42:12","slug":"klimabewegung-kuendigt-strassenblockade-im-zentrum-an","status":"publish","type":"post","link":"https:\/\/www.europesays.com\/de\/806629\/","title":{"rendered":"Klimabewegung k\u00fcndigt Stra\u00dfenblockade im Zentrum an"},"content":{"rendered":"<p>Kostenfrei bis 11:00 Uhr lesen<\/p>\n<p>Angemeldete Kundgebung<\/p>\n<p>Kostenpflichtig<\/p>\n<p>Kostenpflichtig<\/p>\n<p>\ufeffKlimabewegung k\u00fcndigt Stra\u00dfenblockade im Zentrum von Dresden an<img decoding=\"async\" alt=\"Mitglieder der Umweltschutzbewegung Extinction Rebellion hatten im Januar die Kreuzung K\u00f6nigsbr\u00fccker Stra\u00dfe\/Stauffenbergallee blockiert. Jetzt planen sie eine neue Blockade.\" fetchpriority=\"high\"  src=\"https:\/\/www.europesays.com\/de\/wp-content\/uploads\/2026\/02\/Y6GOX2OBUVGHBCWJUOEAH4ZEZY.jpeg\" \/><\/p>\n<p class=\"Textstyled__Text-sc-1cqv9mi-0 cLyiiX ArticleHeadstyled__ArticleSubHeadline-sc-tdzyy5-11 fXdZot\">Am 26. Februar wird der Verkehr auf dem Georgplatz angehalten. Das Landgericht Potsdam hat jetzt eine Anklage wegen Bildung einer kriminellen Vereinigung gegen \u201eKlimakleber\u201c zugelassen.<\/p>\n<p class=\"Textstyled__Text-sc-1cqv9mi-0 cLyiiX\">Dresden. Die \u201eradikale Umweltschutzbewegung\u201c Extinction Rebellion (Zitat Wikipedia) hat f\u00fcr Donnerstag, 26. Februar, ab 8 Uhr eine Stra\u00dfenblockade auf dem Georgplatz im Stadtzentrum angek\u00fcndigt. Motto der Veranstaltung: \u201eErdgas verfeuert unsere Zukunft\u201c. Die Bewegung werde ein un\u00fcbersehbares, friedliches und legales Zeichen auf der Stra\u00dfe setzen, hei\u00dft es in der Ank\u00fcndigung.<\/p>\n<p>Weiterlesen nach der Anzeige<\/p>\n<p>Weiterlesen nach der Anzeige<\/p>\n<p class=\"Textstyled__Text-sc-1cqv9mi-0 cLyiiX\">Der Stadtrat soll aufgefordert werden, W\u00e4rmeplanung, Klimaschutz und Klimaanpassung ernst zu nehmen. Die Veranstaltung sei angemeldet und werde von der Polizei abgesichert. Die n\u00e4chste Stra\u00dfenblockade plant Extinction Rebellion am 26. M\u00e4rz.<\/p>\n<p>Juristische Aufarbeitung<\/p>\n<p class=\"Textstyled__Text-sc-1cqv9mi-0 cLyiiX\">Mehrere Mitglieder der im Januar 2025 aufgel\u00f6sten radikalen Umweltschutzbewegung \u201eLetzte Generation\u201c bekommen jetzt schwerwiegende juristische Probleme. Das Landgericht Potsdam hat vor kurzem das Verfahren gegen f\u00fcnf Personen wegen Bildung einer kriminellen Vereinigung er\u00f6ffnet.<\/p>\n<p>Weiterlesen nach der Anzeige<\/p>\n<p>Weiterlesen nach der Anzeige<\/p>\n<p class=\"Textstyled__Text-sc-1cqv9mi-0 cLyiiX\">Christian Bl\u00e4ul, der f\u00fchrende Kopf bei \u201eLetzte Generation\u201c und jetzt \u201eExtinction Rebellion\u201c in Dresden, sieht sich dem gleichen Vorwurf ausgesetzt. F\u00fcr sein Verfahren ist das Landgericht M\u00fcnchen II zust\u00e4ndig, das \u00fcber die Zulassung der von der Generalstaatsanwaltschaft M\u00fcnchen verfassten Anklage noch nicht entschieden hat.<\/p>\n<p>F\u00fcnf Jahre Haft oder Geldstrafe<\/p>\n<p class=\"Textstyled__Text-sc-1cqv9mi-0 cLyiiX\">Die Anklagebeh\u00f6rde aus Bayern ermittelt seit 2022 gegen Mitglieder der Letzten Generation, die sich regelm\u00e4\u00dfig auf Stra\u00dfen, aber auch an \u00d6lpipelines und andere Anlagen der kritischen Infrastruktur festgeklebt hatten. Auch die Wohnung von Bl\u00e4ul wurde im Zuge des Verfahrens durchsucht. Eine kriminelle Vereinigung ist laut Strafgesetzbuch ein Zusammenschluss von Personen, der auf die Begehung von Straftaten ausgerichtet ist. Das Strafma\u00df liegt bei einer Freiheitsstra\u00dfe bis zu f\u00fcnf Jahren oder einer Geldstrafe.<\/p>\n<p class=\"Textstyled__Text-sc-1cqv9mi-0 cLyiiX\">Bl\u00e4ul sieht sich nicht als Straft\u00e4ter. Die Er\u00f6ffnung des Hauptverfahrens in Potsdam zeige, wie strafrechtliche Verfolgung zunehmend zum Mittel im Umgang mit unliebsamem politischen Protest werde. \u201eMeine gr\u00f6\u00dfte Sorge ist nicht meine Strafe, sondern unsere Gesellschaft, die ihre Freiheit verspielt, indem sie ihre eigenen Lebensgrundlagen zerst\u00f6rt\u201c, erkl\u00e4rte er und k\u00fcndigte an, weiter f\u00fcr einen gerechten Ausstieg aus fossiler Energie auf die Stra\u00dfe zu gehen. \u201eWir haben bereits heute alle Technologien und alles n\u00f6tige Wissen f\u00fcr ein postfossiles Leben in Wohlstand\u201c, glaubt er.<\/p>\n<p class=\"Editorialstyled__Editorial-sc-1bfvh9l-0 cSmjnJ\">DNN<\/p>\n","protected":false},"excerpt":{"rendered":"Kostenfrei bis 11:00 Uhr lesen Angemeldete Kundgebung Kostenpflichtig Kostenpflichtig \ufeffKlimabewegung k\u00fcndigt Stra\u00dfenblockade im Zentrum von Dresden an Am&hellip;\n","protected":false},"author":2,"featured_media":806630,"comment_status":"","ping_status":"","sticky":false,"template":"","format":"standard","meta":{"footnotes":"","_share_on_mastodon":"0"},"categories":[1835],"tags":[3364,29,2386,30,859],"class_list":["post-806629","post","type-post","status-publish","format-standard","has-post-thumbnail","category-dresden","tag-de","tag-deutschland","tag-dresden","tag-germany","tag-sachsen"],"share_on_mastodon":{"url":"https:\/\/pubeurope.com\/@de\/116090984644525446","error":""},"_links":{"self":[{"href":"https:\/\/www.europesays.com\/de\/wp-json\/wp\/v2\/posts\/806629","targetHints":{"allow":["GET"]}}],"collection":[{"href":"https:\/\/www.europesays.com\/de\/wp-json\/wp\/v2\/posts"}],"about":[{"href":"https:\/\/www.europesays.com\/de\/wp-json\/wp\/v2\/types\/post"}],"author":[{"embeddable":true,"href":"https:\/\/www.europesays.com\/de\/wp-json\/wp\/v2\/users\/2"}],"replies":[{"embeddable":true,"href":"https:\/\/www.europesays.com\/de\/wp-json\/wp\/v2\/comments?post=806629"}],"version-history":[{"count":0,"href":"https:\/\/www.europesays.com\/de\/wp-json\/wp\/v2\/posts\/806629\/revisions"}],"wp:featuredmedia":[{"embeddable":true,"href":"https:\/\/www.europesays.com\/de\/wp-json\/wp\/v2\/media\/806630"}],"wp:attachment":[{"href":"https:\/\/www.europesays.com\/de\/wp-json\/wp\/v2\/media?parent=806629"}],"wp:term":[{"taxonomy":"category","embeddable":true,"href":"https:\/\/www.europesays.com\/de\/wp-json\/wp\/v2\/categories?post=806629"},{"taxonomy":"post_tag","embeddable":true,"href":"https:\/\/www.europesays.com\/de\/wp-json\/wp\/v2\/tags?post=806629"}],"curies":[{"name":"wp","href":"https:\/\/api.w.org\/{rel}","templated":true}]}}