{"id":806631,"date":"2026-02-18T09:43:19","date_gmt":"2026-02-18T09:43:19","guid":{"rendered":"https:\/\/www.europesays.com\/de\/806631\/"},"modified":"2026-02-18T09:43:19","modified_gmt":"2026-02-18T09:43:19","slug":"neue-analyse-ifo-institut-dresden-deutsche-bevoelkerung-geht-staerker-als-gedacht-zurueck-3","status":"publish","type":"post","link":"https:\/\/www.europesays.com\/de\/806631\/","title":{"rendered":"Neue Analyse &#8211; ifo-Institut Dresden: Deutsche Bev\u00f6lkerung geht st\u00e4rker als gedacht zur\u00fcck"},"content":{"rendered":"<p>                    <img decoding=\"async\" loading=\"lazy\" class=\"internal-image\" title=\"Ein Rentnerpaar \u00fcberquert eine Stra\u00dfe.\" alt=\"Ein Rentnerpaar \u00fcberquert eine Stra\u00dfe.\" src=\"https:\/\/www.europesays.com\/de\/wp-content\/uploads\/2026\/02\/125409272-jpg-102-1920x1080.jpg\" \/><\/p>\n<p>                  Die Alterung der Bev\u00f6lkerung m\u00fcsse schon heute bei politischen Entscheidungen mit Langzeitwirkung ber\u00fccksichtigt werden, so das Dresdner ifo-Institut (Symbolbild). (dpa\/ Wolfram Steinberg)<\/p>\n<p>Demnach leben im Jahr 2070 voraussichtlich zehn Prozent weniger Menschen in Deutschland als heute. Bisherige Annahmen waren von einem R\u00fcckgang um ein Prozent ausgegangen, wie die Deutsche Presse-Agentur schreibt. Den Forschern zufolge gibt es deutliche regionale Unterschiede: Ostdeutsche Fl\u00e4chenl\u00e4nder seien besonders stark von Schrumpfung betroffen. Stadtstaaten werden den Annahmen zufolge bis 2070 sogar wachsen.\u00a0Grund f\u00fcr die Korrektur seien neue Daten aus dem Zensus 2022.<\/p>\n<p>Institutsleiter Ragnitz teilte mit, der verst\u00e4rkte R\u00fcckgang und die Alterung der Bev\u00f6lkerung m\u00fcssten schon heute bei politischen Entscheidungen mit Langzeitwirkung, beispielsweise bei Gesundheit und Pflege, ber\u00fccksichtigt werden. Weniger Menschen br\u00e4uchten weniger Wohnungen, Verkehrsinfrastrukturen und Personal im \u00f6ffentlichen Dienst. Gleichzeitig steige der Bedarf bei Gesundheit und Pflege.<\/p>\n<p>Diese Nachricht wurde am 18.02.2026 im Programm Deutschlandfunk gesendet.<\/p>\n","protected":false},"excerpt":{"rendered":"Die Alterung der Bev\u00f6lkerung m\u00fcsse schon heute bei politischen Entscheidungen mit Langzeitwirkung ber\u00fccksichtigt werden, so das Dresdner ifo-Institut&hellip;\n","protected":false},"author":2,"featured_media":805320,"comment_status":"","ping_status":"","sticky":false,"template":"","format":"standard","meta":{"footnotes":"","_share_on_mastodon":"0"},"categories":[1835],"tags":[3364,29,2386,30,859],"class_list":["post-806631","post","type-post","status-publish","format-standard","has-post-thumbnail","category-dresden","tag-de","tag-deutschland","tag-dresden","tag-germany","tag-sachsen"],"share_on_mastodon":{"url":"https:\/\/pubeurope.com\/@de\/116090988569395353","error":""},"_links":{"self":[{"href":"https:\/\/www.europesays.com\/de\/wp-json\/wp\/v2\/posts\/806631","targetHints":{"allow":["GET"]}}],"collection":[{"href":"https:\/\/www.europesays.com\/de\/wp-json\/wp\/v2\/posts"}],"about":[{"href":"https:\/\/www.europesays.com\/de\/wp-json\/wp\/v2\/types\/post"}],"author":[{"embeddable":true,"href":"https:\/\/www.europesays.com\/de\/wp-json\/wp\/v2\/users\/2"}],"replies":[{"embeddable":true,"href":"https:\/\/www.europesays.com\/de\/wp-json\/wp\/v2\/comments?post=806631"}],"version-history":[{"count":0,"href":"https:\/\/www.europesays.com\/de\/wp-json\/wp\/v2\/posts\/806631\/revisions"}],"wp:featuredmedia":[{"embeddable":true,"href":"https:\/\/www.europesays.com\/de\/wp-json\/wp\/v2\/media\/805320"}],"wp:attachment":[{"href":"https:\/\/www.europesays.com\/de\/wp-json\/wp\/v2\/media?parent=806631"}],"wp:term":[{"taxonomy":"category","embeddable":true,"href":"https:\/\/www.europesays.com\/de\/wp-json\/wp\/v2\/categories?post=806631"},{"taxonomy":"post_tag","embeddable":true,"href":"https:\/\/www.europesays.com\/de\/wp-json\/wp\/v2\/tags?post=806631"}],"curies":[{"name":"wp","href":"https:\/\/api.w.org\/{rel}","templated":true}]}}