{"id":806632,"date":"2026-02-18T09:44:10","date_gmt":"2026-02-18T09:44:10","guid":{"rendered":"https:\/\/www.europesays.com\/de\/806632\/"},"modified":"2026-02-18T09:44:10","modified_gmt":"2026-02-18T09:44:10","slug":"osterwiese-bremen-2026-programm-und-wichtige-regeln","status":"publish","type":"post","link":"https:\/\/www.europesays.com\/de\/806632\/","title":{"rendered":"Osterwiese Bremen 2026: Programm und wichtige Regeln"},"content":{"rendered":"<p>Die Osterwiese Bremen 2026 startet am 27. M\u00e4rz und bietet Fahrgesch\u00e4fte, Kulinarik und Feuerwerk. Erfahre alle wichtigen Infos zum Volksfest. <\/p>\n<p>            &#13;<br \/>\n              Die Osterwiese Bremen 2026 \u00f6ffnet am 27. M\u00e4rz  <\/p>\n<p>Die Osterwiese Bremen startet 2026 am Freitag, 27. M\u00e4rz. Traditionell wird das Volksfest auf der B\u00fcrgerweide mit einem H\u00f6henfeuerwerk er\u00f6ffnet. Bis einschlie\u00dflich Sonntag, 12. April, kannst du t\u00e4glich von 14 bis 23 Uhr \u00fcber das Gel\u00e4nde schlendern. Nur am Karfreitag, 3. April, bleibt die Osterwiese geschlossen. <\/p>\n<p>Was dich auf der Osterwiese Bremen 2026 erwartet  <\/p>\n<p>Auf rund 50.000 Quadratmetern pr\u00e4sentieren etwa 200 Schausteller ihr Angebot. Rund 20 Fahrgesch\u00e4fte sorgen f\u00fcr Abwechslung \u2013 darunter das auff\u00e4llige \u201eCity Star\u201c-Riesenrad, das schon 2025 mit 70 Metern H\u00f6he neue Ma\u00dfst\u00e4be setzte. Von oben genie\u00dft du einen weiten Blick \u00fcber Bremen. Klassiker wie Karussells, Achterbahnen und Geisterbahnen geh\u00f6ren fest dazu und bieten Unterhaltung f\u00fcr jedes Alter. <\/p>\n<p>Kulinarische Highlights auf der Osterwiese Bremen erleben  <\/p>\n<p>Zwischen den Buden findest du viele s\u00fc\u00dfe und herzhafte Spezialit\u00e4ten. Gebrannte Mandeln, Schmalzgeb\u00e4ck oder Liebes\u00e4pfel geh\u00f6ren zu den Favoriten vieler Besucher. Auch Poffertjes aus den Niederlanden sind sehr beliebt. Wer es herzhafter mag, bekommt in Bremen nat\u00fcrlich ein frisches Fischbr\u00f6tchen. Vegane und vegetarische Alternativen stehen an mehreren St\u00e4nden bereit. <\/p>\n<p>So erreichst du die Osterwiese Bremen 2026 stressfrei  <\/p>\n<p>Das Festgel\u00e4nde liegt direkt am Bremer Hauptbahnhof. Wenn du mit dem Zug anreist, bist du \u00fcber den Nordausgang sofort auf dem Weg zur Osterwiese. F\u00fcr Radfahrer stehen bewachte Fahrradparkpl\u00e4tze an der Radstation sowie am Fahrradparkhaus am Willy-Brandt-Platz zur Verf\u00fcgung. Autofahrer m\u00fcssen mit wenigen Parkpl\u00e4tzen auf der B\u00fcrgerweide rechnen. Eine \u00dcbersicht zu umliegenden Parkh\u00e4usern bietet Brepark. <\/p>\n<p>Wichtige Sicherheitsregeln auf der Osterwiese Bremen beachten  <\/p>\n<p>An allen Eing\u00e4ngen finden Sichtkontrollen statt. Verboten sind unter anderem Waffen, Glasflaschen, Feuerwerksk\u00f6rper, Hunde, Fahrr\u00e4der und E\u2011Roller. Kleidung mit Abzeichen sogenannter Outlaw Motorcycle Gangs ist ebenfalls nicht erlaubt. Au\u00dferdem darf die Fl\u00e4che der Autoskooter in Pausen nicht betreten oder als Tanzfl\u00e4che genutzt werden. Gro\u00dfe Taschen und Rucks\u00e4cke solltest du zu Hause lassen, um den Einlass zu erleichtern. Bei Verst\u00f6\u00dfen drohen Bu\u00dfgelder bis zu 2.500 Euro. <\/p>\n<p>Barrierefreiheit auf der Osterwiese Bremen 2026  <\/p>\n<p>In Bahnhofsn\u00e4he gibt es ausgewiesene Behindertenparkpl\u00e4tze. Auf dem Gel\u00e4nde findest du mehrere barrierefreie Toiletten. Einige St\u00e4nde verf\u00fcgen \u00fcber niedrigere Theken, sodass du auch mit dem Rollstuhl bequem Platz findest. Eine \u00dcbersicht aller barrierefreien Angebote stellt der Veranstalter online bereit. <\/p>\n","protected":false},"excerpt":{"rendered":"Die Osterwiese Bremen 2026 startet am 27. M\u00e4rz und bietet Fahrgesch\u00e4fte, Kulinarik und Feuerwerk. Erfahre alle wichtigen Infos&hellip;\n","protected":false},"author":2,"featured_media":806633,"comment_status":"","ping_status":"","sticky":false,"template":"","format":"standard","meta":{"footnotes":"","_share_on_mastodon":"0"},"categories":[1824],"tags":[181542,2420,3364,29,4851,30,12366],"class_list":["post-806632","post","type-post","status-publish","format-standard","has-post-thumbnail","category-bremen","tag-brgerweide","tag-bremen","tag-de","tag-deutschland","tag-feuerwerk","tag-germany","tag-osterwiese"],"share_on_mastodon":{"url":"https:\/\/pubeurope.com\/@de\/116090992619137831","error":""},"_links":{"self":[{"href":"https:\/\/www.europesays.com\/de\/wp-json\/wp\/v2\/posts\/806632","targetHints":{"allow":["GET"]}}],"collection":[{"href":"https:\/\/www.europesays.com\/de\/wp-json\/wp\/v2\/posts"}],"about":[{"href":"https:\/\/www.europesays.com\/de\/wp-json\/wp\/v2\/types\/post"}],"author":[{"embeddable":true,"href":"https:\/\/www.europesays.com\/de\/wp-json\/wp\/v2\/users\/2"}],"replies":[{"embeddable":true,"href":"https:\/\/www.europesays.com\/de\/wp-json\/wp\/v2\/comments?post=806632"}],"version-history":[{"count":0,"href":"https:\/\/www.europesays.com\/de\/wp-json\/wp\/v2\/posts\/806632\/revisions"}],"wp:featuredmedia":[{"embeddable":true,"href":"https:\/\/www.europesays.com\/de\/wp-json\/wp\/v2\/media\/806633"}],"wp:attachment":[{"href":"https:\/\/www.europesays.com\/de\/wp-json\/wp\/v2\/media?parent=806632"}],"wp:term":[{"taxonomy":"category","embeddable":true,"href":"https:\/\/www.europesays.com\/de\/wp-json\/wp\/v2\/categories?post=806632"},{"taxonomy":"post_tag","embeddable":true,"href":"https:\/\/www.europesays.com\/de\/wp-json\/wp\/v2\/tags?post=806632"}],"curies":[{"name":"wp","href":"https:\/\/api.w.org\/{rel}","templated":true}]}}