{"id":806680,"date":"2026-02-18T10:09:15","date_gmt":"2026-02-18T10:09:15","guid":{"rendered":"https:\/\/www.europesays.com\/de\/806680\/"},"modified":"2026-02-18T10:09:15","modified_gmt":"2026-02-18T10:09:15","slug":"berlin-brandenburg-toedlicher-unfall-bei-bad-belzig-lkw-brennt","status":"publish","type":"post","link":"https:\/\/www.europesays.com\/de\/806680\/","title":{"rendered":"Berlin &#038; Brandenburg: T\u00f6dlicher Unfall bei Bad Belzig &#8211; Lkw brennt"},"content":{"rendered":"<p>Berlin &amp; BrandenburgT\u00f6dlicher Unfall bei Bad Belzig &#8211; Lkw brennt<img decoding=\"async\" class=\"Image_img__fQCi0 Image_Img_16_9__4BLfH\" loading=\"eager\" fetchpriority=\"high\" src=\"https:\/\/www.europesays.com\/de\/wp-content\/uploads\/2026\/02\/Rettungskraefte-reanimieren-den-Autofahrer-ueber-lange-Zeit-hinweg-bis-dieser-aufgrund-seiner-schwer.webp\" alt=\"Rettungskraefte-reanimieren-den-Autofahrer-ueber-lange-Zeit-hinweg-bis-dieser-aufgrund-seiner-schweren-Verletzungen-stirbt\"\/>TeilenFolgen auf:<a href=\"https:\/\/www.whatsapp.com\/channel\/0029Va5cdVJD8SDp5YZgYF01\" title=\"Auf WhatsApp folgen\" target=\"_blank\" rel=\"nofollow noopener\"><img decoding=\"async\" src=\"https:\/\/www.n-tv.de\/socialIcons\/whatsapp.svg\" alt=\"whatsapp\" class=\"ArticleShare_icon__FsrC2\"\/><\/a><a href=\"https:\/\/news.google.com\/publications\/CAAiEPMdif5mpRNxiLOeUpHCwwsqFAgKIhDzHYn-ZqUTcYiznlKRwsML?hl=de&amp;gl=DE&amp;ceid=DE%3Ade\" title=\"Auf Google News folgen\" target=\"_blank\" rel=\"nofollow noopener\"><img decoding=\"async\" src=\"https:\/\/www.n-tv.de\/socialIcons\/google.svg\" alt=\"whatsapp\" class=\"ArticleShare_icon__FsrC2\"\/><\/a><\/p>\n<p class=\"Typography_text-m__XI0da Typography_weight-bold__uT6mq storyline_lead_text_leadtext__q_wg8\">Auf glatter Stra\u00dfe verliert ein Autofahrer die Kontrolle \u00fcber seinen Wagen. Es kommt zur Kollision, ein Lkw brennt vollst\u00e4ndig aus und ein Fahrer verliert sein Leben.<\/p>\n<p class=\"Typography_text-default__P3otY Typography_weight-normal__pqUbH storyline_paragraph_p__qSR5N\">Bad Belzig (dpa\/bb) &#8211; Ein Autofahrer ist bei einem Zusammensto\u00df auf der Bundesstra\u00dfe nahe Bad Belzig (Landkreis Potsdam-Mittelmark) t\u00f6dlich verletzt worden. Zuvor war der Wagen des Mannes auf glatter Stra\u00dfe in den Gegenverkehr gerutscht, wie die Polizei mitteilte. Dort stie\u00df er am Morgen gegen einen Lkw, der daraufhin in einen angrenzenden Graben rutschte. Das Fahrzeug geriet dort in Brand, wie ein Sprecher sagte.<\/p>\n<p class=\"Typography_text-default__P3otY Typography_weight-normal__pqUbH storyline_paragraph_p__qSR5N\">Der Autofahrer erlitt so schwere Verletzungen, dass er noch an der Unfallstelle starb, wie es hie\u00df. Zuvor versuchten die Rettungskr\u00e4fte noch, ihn zu reanimieren. Der Lkw-Fahrer blieb den Angaben nach unverletzt und rettete sich rechtzeitig aus seinem Wagen. Weitere Details waren zun\u00e4chst nicht bekannt.<\/p>\n<p class=\"Typography_text-s__wu_cm Typography_weight-normal__pqUbH Typography_color-darkgrey__sZEnP article-detail-footer_source__KslPc\">Quelle: dpa<\/p>\n","protected":false},"excerpt":{"rendered":"Berlin &amp; BrandenburgT\u00f6dlicher Unfall bei Bad Belzig &#8211; Lkw brenntTeilenFolgen auf: Auf glatter Stra\u00dfe verliert ein Autofahrer die&hellip;\n","protected":false},"author":2,"featured_media":806681,"comment_status":"","ping_status":"","sticky":false,"template":"","format":"standard","meta":{"footnotes":"","_share_on_mastodon":"0"},"categories":[1825],"tags":[296,29,30],"class_list":["post-806680","post","type-post","status-publish","format-standard","has-post-thumbnail","category-berlin","tag-berlin","tag-deutschland","tag-germany"],"share_on_mastodon":{"url":"https:\/\/pubeurope.com\/@de\/116091090856005032","error":""},"_links":{"self":[{"href":"https:\/\/www.europesays.com\/de\/wp-json\/wp\/v2\/posts\/806680","targetHints":{"allow":["GET"]}}],"collection":[{"href":"https:\/\/www.europesays.com\/de\/wp-json\/wp\/v2\/posts"}],"about":[{"href":"https:\/\/www.europesays.com\/de\/wp-json\/wp\/v2\/types\/post"}],"author":[{"embeddable":true,"href":"https:\/\/www.europesays.com\/de\/wp-json\/wp\/v2\/users\/2"}],"replies":[{"embeddable":true,"href":"https:\/\/www.europesays.com\/de\/wp-json\/wp\/v2\/comments?post=806680"}],"version-history":[{"count":0,"href":"https:\/\/www.europesays.com\/de\/wp-json\/wp\/v2\/posts\/806680\/revisions"}],"wp:featuredmedia":[{"embeddable":true,"href":"https:\/\/www.europesays.com\/de\/wp-json\/wp\/v2\/media\/806681"}],"wp:attachment":[{"href":"https:\/\/www.europesays.com\/de\/wp-json\/wp\/v2\/media?parent=806680"}],"wp:term":[{"taxonomy":"category","embeddable":true,"href":"https:\/\/www.europesays.com\/de\/wp-json\/wp\/v2\/categories?post=806680"},{"taxonomy":"post_tag","embeddable":true,"href":"https:\/\/www.europesays.com\/de\/wp-json\/wp\/v2\/tags?post=806680"}],"curies":[{"name":"wp","href":"https:\/\/api.w.org\/{rel}","templated":true}]}}