{"id":806737,"date":"2026-02-18T10:42:12","date_gmt":"2026-02-18T10:42:12","guid":{"rendered":"https:\/\/www.europesays.com\/de\/806737\/"},"modified":"2026-02-18T10:42:12","modified_gmt":"2026-02-18T10:42:12","slug":"wuppertaler-lutherstift-schunkelt-mit-der-prinzengarde","status":"publish","type":"post","link":"https:\/\/www.europesays.com\/de\/806737\/","title":{"rendered":"Wuppertaler Lutherstift schunkelt mit der Prinzengarde"},"content":{"rendered":"<p class=\"text_ohne_einzug richtext text-em-55 !leading-serif mx-6 desktop:mx-0\">\u201eHeut ist so ein sch\u00f6ner Tag, na na na nah\u201c, klang es gestern Nachmittag frohgemut aus dem Kirchsaal im Lutherstift auf dem Schusterplatz. Dort schlossen die T\u00e4nzerinnen und T\u00e4nzer der KaGe. Prinzengarde ihre diesj\u00e4hrige Tournee durch die Seniorenheime ab und sorgten in ihren leuchtend rot-wei\u00dfen Kost\u00fcmen f\u00fcr mehr Farbe im Alltag von rund 80 Seniorinnen und Senioren (derzeit gibt es 188 weibliche und m\u00e4nnliche Heimbewohner), die dem bunten Wirbel auf der \u201eB\u00fchne\u201c je nach Temperament mit Begeisterung, aber auch mit Zur\u00fcckhaltung folgten.<\/p>\n<p class=\"richtext text-em-55 !leading-serif mx-6 desktop:mx-0\">Doch im Lutherstift war man schon vorher karnevalistisch eingestimmt, denn aus den Reihen der Betreuerinnen und Betreuer, die ihren Dienst am \u201eVeilchendienstag\u201c diesmal malerisch verkleidet versahen, wollte man auch einen kleinen Beitrag zum heiteren Nachmittag leisten und hatte ein Lied einstudiert, das auch von den ausgew\u00e4hlten S\u00e4ngerinnen und S\u00e4ngern mit Inbrunst gesungen und mit rhythmischem Klatschen begleitet wurde. Marillina Sound\u00e9 gab da mit viel Elan den Takt vor.<\/p>\n<p>Karnevalistische Auftritte vor Senioren sind ein Dauerauftrag      <\/p>\n<p class=\"text_ohne_einzug richtext text-em-55 !leading-serif mx-6 desktop:mx-0\">Die von Pr\u00e4sidentin Nordhild Neumeyer geleitete Karnevalsgesellschaft Prinzengarde hat es sich schon seit Jahren zur Aufgabe gemacht, das Leben in diversen Senioreneinrichtungen zur Karnevalszeit mit frischen Auftritten zu bereichern. \u201eDas ist fast ein Dauerauftrag seitens der Altenheime\u201c, erkl\u00e4rt Nordhild Neumeyer, die diesmal auch gern dem Wunsch von Larissa Sch\u00e4tzl, der Leiterin des sozialen Dienstes im Lutherstift, gefolgt war und mit einem Dutzend junger T\u00e4nzerinnen und T\u00e4nzer gekommen war, um ab 15.11 Uhr (die Elf ist im Karneval besonders wichtig) n\u00e4rrischen Frohsinn zu verbreiten und t\u00e4nzerische Klasseleistungen zu zeigen.<\/p>\n<p class=\"richtext text-em-55 !leading-serif mx-6 desktop:mx-0\">Und da geht mit Melissa Peters (20) die \u201eKommandantin\u201c des Ensembles voran, die ihr bemerkenswertes t\u00e4nzerisches Talent mit einem beispielhaften sozialen Selbstverst\u00e4ndnis verbindet. Die Studentin der Sozialp\u00e4dagogik war im Karneval schon Kinderprinzessin und hat dreimal die n\u00e4rrische Session als Hoppeditz am Elften im Elften auf dem Rathausvorplatz er\u00f6ffnet, ist dem Karneval seit ihrer Kindheit verbunden und nicht nur die herausragende T\u00e4nzerin in der Prinzengarde. Sie gibt ihr K\u00f6nnen als Trainerin und \u201eKommandantin\u201c an den jungen Nachwuchs weiter, wobei es ihr auch eine Herzensangelegenheit ist, menschlich ein Vorbild zu sein.<\/p>\n<p>Gefeiertes Heimspiel f\u00fcr Melissa Peters      <\/p>\n<p class=\"text_ohne_einzug richtext text-em-55 !leading-serif mx-6 desktop:mx-0\">Die sympathische junge Frau hat ein Freiwilliges Soziales Jahr als \u201eBufdi\u201c (Bundesfreiwilligendienst) absolviert und ist noch im Altenheim \u201ePaul-Hanisch-Haus\u201c als ehrenamtliche Helferin t\u00e4tig. Da diese Einrichtung auch auf dem \u201eTourneeplan\u201c der Prinzengarde f\u00fcr Tanzvorf\u00fchrungen in Seniorenheimen stand, hatte die dort \u00e4u\u00dferst beliebte Melissa Peters bei dieser Gelegenheit ein gefeiertes Heimspiel, bei dem die von ihr betreuten bejahrten Damen und Herren \u201eihre Melissa\u201c mal von einer ganz anderen Seite kennenlernten.<\/p>\n<p class=\"richtext text-em-55 !leading-serif mx-6 desktop:mx-0\">Am Dienstag im Lutherstift f\u00fchrt sie zwar beim Einmarsch (\u201eJetzt geht\u2019s los, wir sind nicht mehr aufzuhalten\u201c) ihre Truppe an, hielt sich dann aber zur\u00fcck und gab, vor der B\u00fchne sitzend, quasi als stumme Souffleuse, den Aktiven mit den J\u00fcngsten Mila, Helena und Frederic ganz vorn, kleine Tipps, damit die sich nicht \u201evertanzten\u201c. Klappte alles wunderbar.<\/p>\n<p class=\"richtext text-em-55 !leading-serif mx-6 desktop:mx-0\">Und dann waren auch die im Publikum pl\u00f6tzlich Teile des Programms, die dem Geschehen mit wenig Anteilnahme gefolgt waren. Als die jungen Karnevalisten in Rot-Wei\u00df ausschw\u00e4rmten und im Publikum H\u00e4nde ergriffen und sie im Takt zu den g\u00e4ngigen Schlagern schwenkten. Das zauberte L\u00e4cheln auf nahezu jedes Gesicht, und als die moderierende Nordhild Neumeyer fragte, ob noch das eine oder andere T\u00e4nzchen folgen sollte, da schallte ein einstimmiges \u201eJa\u201c aus dem Kirchsaal im Lutherstift.<\/p>\n<p class=\"richtext text-em-55 !leading-serif mx-6 desktop:mx-0\">Die stimmgewaltige und bewegungsstarke Truppe aus Vohwinkel, wo die Prinzengarde ihr Stammquartier unterh\u00e4lt, hatte noch einiges auf Lager und spulte mit Einsatzwillen ihr rund zweist\u00fcndiges Programm ab, ehe man sich im Speisesaal an vorbereiteten Berliner Ballen, hei\u00dfen \u201eFastnachtskrapfen\u201c, und hei\u00dfen und kalten Getr\u00e4nken erlaben und die Kraftreservoire wieder auff\u00fcllen konnte.<\/p>\n<p class=\"richtext text-em-55 !leading-serif mx-6 desktop:mx-0\">\u201eWir sind mit unserem Programm in dieser Session rund zwanzigmal aufgetreten und haben uns immer gefreut, wenn wir selbst Freude verbreiten konnten\u201c, so Melissa Peters. Sie, Nordhild Neumeyer und die tanzfreudige Truppe erschienen fast ein wenig wehm\u00fctig, weil jetzt am \u201eVeilchendienstag\u201c das letzte Ziel angesteuert worden war. \u201eWir treten aber auch bei Weihnachtsfeiern und am Vohwinkel-Tag auf\u201c, berichtete Nordhild Neumeyer, die sich kurz nach dem Finale im Stift wieder auf den Weg nach N\u00e4chstebreck machte. Dort wurden im Gemeindesaal Hottenstein die Tollit\u00e4ten dieser Session, das Jugendprinzenpaar Celine I. und Logan I., nach ihren gro\u00dfartigen Auftritten unter Beifall verabschiedet. Denn bekanntlich ist am Aschermittwoch alles vorbei.<\/p>\n","protected":false},"excerpt":{"rendered":"\u201eHeut ist so ein sch\u00f6ner Tag, na na na nah\u201c, klang es gestern Nachmittag frohgemut aus dem Kirchsaal&hellip;\n","protected":false},"author":2,"featured_media":806738,"comment_status":"","ping_status":"","sticky":false,"template":"","format":"standard","meta":{"footnotes":"","_share_on_mastodon":"0"},"categories":[1840],"tags":[15175,3364,29,24175,30,181572,181571,63265,37018,164262,164261,1209,81408,66999,18521,162408,181573,4418],"class_list":["post-806737","post","type-post","status-publish","format-standard","has-post-thumbnail","category-wuppertal","tag-bundesfreiwilligendienst","tag-de","tag-deutschland","tag-dienst","tag-germany","tag-kommandantin","tag-lutherstift","tag-melissa","tag-nachmittag","tag-neumeyer","tag-nordhild","tag-nordrhein-westfalen","tag-peters","tag-prinzengarde","tag-session","tag-stift","tag-veilchendienstag","tag-wuppertal"],"share_on_mastodon":{"url":"https:\/\/pubeurope.com\/@de\/116091220465222158","error":""},"_links":{"self":[{"href":"https:\/\/www.europesays.com\/de\/wp-json\/wp\/v2\/posts\/806737","targetHints":{"allow":["GET"]}}],"collection":[{"href":"https:\/\/www.europesays.com\/de\/wp-json\/wp\/v2\/posts"}],"about":[{"href":"https:\/\/www.europesays.com\/de\/wp-json\/wp\/v2\/types\/post"}],"author":[{"embeddable":true,"href":"https:\/\/www.europesays.com\/de\/wp-json\/wp\/v2\/users\/2"}],"replies":[{"embeddable":true,"href":"https:\/\/www.europesays.com\/de\/wp-json\/wp\/v2\/comments?post=806737"}],"version-history":[{"count":0,"href":"https:\/\/www.europesays.com\/de\/wp-json\/wp\/v2\/posts\/806737\/revisions"}],"wp:featuredmedia":[{"embeddable":true,"href":"https:\/\/www.europesays.com\/de\/wp-json\/wp\/v2\/media\/806738"}],"wp:attachment":[{"href":"https:\/\/www.europesays.com\/de\/wp-json\/wp\/v2\/media?parent=806737"}],"wp:term":[{"taxonomy":"category","embeddable":true,"href":"https:\/\/www.europesays.com\/de\/wp-json\/wp\/v2\/categories?post=806737"},{"taxonomy":"post_tag","embeddable":true,"href":"https:\/\/www.europesays.com\/de\/wp-json\/wp\/v2\/tags?post=806737"}],"curies":[{"name":"wp","href":"https:\/\/api.w.org\/{rel}","templated":true}]}}