{"id":806814,"date":"2026-02-18T11:22:23","date_gmt":"2026-02-18T11:22:23","guid":{"rendered":"https:\/\/www.europesays.com\/de\/806814\/"},"modified":"2026-02-18T11:22:23","modified_gmt":"2026-02-18T11:22:23","slug":"clemens-baumgaertner-csu-ob-kandidat-muenchen-2026-im-ueberblick","status":"publish","type":"post","link":"https:\/\/www.europesays.com\/de\/806814\/","title":{"rendered":"Clemens Baumg\u00e4rtner (CSU) \u2013 OB-Kandidat M\u00fcnchen 2026 im \u00dcberblick"},"content":{"rendered":"<p>Am 8. M\u00e4rz 2026 w\u00e4hlt <a href=\"https:\/\/www.abendzeitung-muenchen.de\/muenchen\/\" rel=\"nofollow noopener\" target=\"_blank\">M\u00fcnchen<\/a> einen neuen Oberb\u00fcrgermeister. Die AZ stellt die drei aussichtsreichsten Kandidaten vor. Heute: Clemens Baumg\u00e4rtner (<a href=\"https:\/\/www.abendzeitung-muenchen.de\/organisation\/csu\/\" rel=\"nofollow noopener\" target=\"_blank\">CSU<\/a>).<\/p>\n<p>OB-Kandidat Clemens Baumg\u00e4rtner im \u00dcberblick<\/p>\n<p>Privatleben<\/p>\n<p>Clemens Baumg\u00e4rtner wurde am 14. Juli 1976 im M\u00fcnchner Stadtteil Sendling geboren. Im OB-Wahlkampf hat Baumg\u00e4rtner h\u00e4ufiger betont, dass er als Sohn einer alleinerziehenden Mutter in M\u00fcnchen aufgewachsen ist und die Familie sich vieles hart erarbeiten musste. Er ist verheiratet und hat mit seiner Frau Stefanie zwei Kinder. Auf dem AZ-Sofa im Deutschen Theater erz\u00e4hlte Baumg\u00e4rtner im Herbst, <a href=\"https:\/\/www.abendzeitung-muenchen.de\/muenchen\/csu-ob-kandidat-baumgaertner-so-hat-er-20-kilogramm-abgenommen-art-1092436\" target=\"_blank\" title=\"CSU-OB-Kandidat Baumg\u00e4rtner: So hat er 20 Kilogramm abgenommen\" rel=\"nofollow noopener\">dass er im Wahlkampf 20 Kilo abgenommen habe<\/a>, sp\u00e4ter erkl\u00e4rte er auch, dass er dazu auch die Abnehmspritze benutzt habe.\u00a0<\/p>\n<p>      <img decoding=\"async\" loading=\"lazy\" src=\"https:\/\/www.europesays.com\/de\/wp-content\/uploads\/2025\/11\/1624312_baumgaertner2_artikelbild-100proz_1F4RXX_eNCFj3.jpg\" alt=\"Auf dem AZ-Sofa im Deutschen Theater stellt sich CSU-OB-Kandidat Clemens Baumg\u00e4rtner den Fragen der AZ-Redakteuren Adrian Prechtl (l.) und Christina Hertel\" title=\"Auf dem AZ-Sofa im Deutschen Theater stellt sich CSU-OB-Kandidat Clemens Baumg\u00e4rtner den Fragen der AZ-Redakteuren Adrian Prechtl (l.) und Christina Hertel\" width=\"812\" height=\"541\"\/><\/p>\n<p>      Auf dem AZ-Sofa im Deutschen Theater stellt sich CSU-OB-Kandidat Clemens Baumg\u00e4rtner den Fragen der AZ-Redakteuren Adrian Prechtl (l.) und Christina Hertel<br \/>\n      \u00a9 Daniel Loeper<\/p>\n<p>    Auf dem AZ-Sofa im Deutschen Theater stellt sich CSU-OB-Kandidat Clemens Baumg\u00e4rtner den Fragen der AZ-Redakteuren Adrian Prechtl (l.) und Christina Hertel<\/p>\n<p>von Daniel Loeper <\/p>\n<p>&#8222;}&#8220;&gt; <\/p>\n<p>Ausbildung und Beruf<\/p>\n<p>Baumg\u00e4rtner hat nach seinem Abitur Jura an der Ludwig-Maximilians-Universit\u00e4t in M\u00fcnchen studiert und arbeitete im Anschluss als Wirtschaftsanwalt.<\/p>\n<p>    <a href=\"https:\/\/www.abendzeitung-muenchen.de\/muenchen\/dieter-reiter-spd-ob-kandidat-muenchen-2026-im-ueberblick-art-1112090\" data-mrf-recirculation=\"Artikel-Link\" rel=\"nofollow noopener\" target=\"_blank\"><img decoding=\"async\" loading=\"lazy\" src=\"https:\/\/www.europesays.com\/de\/wp-content\/uploads\/2026\/02\/1657730_dieter-reiter_mehrzumthema_1Fzt_C_znh64v.jpg\" alt=\"Dieter Reiter will am 8. M\u00e4rz 2026 zum dritten Mal zum M\u00fcnchner Oberb\u00fcrgermeister gew\u00e4hlt werden.\" title=\"Dieter Reiter will am 8. M\u00e4rz 2026 zum dritten Mal zum M\u00fcnchner Oberb\u00fcrgermeister gew\u00e4hlt werden.\" width=\"696\" height=\"390\"\/><\/a><\/p>\n<p>        <a href=\"https:\/\/www.abendzeitung-muenchen.de\/muenchen\/dieter-reiter-spd-ob-kandidat-muenchen-2026-im-ueberblick-art-1112090\" data-mrf-recirculation=\"Artikel-Link\" rel=\"nofollow noopener\" target=\"_blank\">Dieter Reiter (SPD): Von Stadtk\u00e4mmerer zum Oberb\u00fcrgermeister M\u00fcnchens        <\/a><\/p>\n<p>                X<\/p>\n<p>Sie haben den Artikel der Merkliste hinzugef\u00fcgt. <\/p>\n<p>                <a href=\"https:\/\/www.abendzeitung-muenchen.de\/meine-az\/merkliste\/\" title=\"Zur Merkliste\" rel=\"nofollow noopener\" target=\"_blank\"><br \/>\n                zur Merkliste<br \/>\n                <\/a>  <\/p>\n<p>    <a href=\"https:\/\/www.abendzeitung-muenchen.de\/muenchen\/dominik-krause-gruene-ob-kandidat-muenchen-2026-im-ueberblick-art-1112109\" data-mrf-recirculation=\"Artikel-Link\" rel=\"nofollow noopener\" target=\"_blank\"><img decoding=\"async\" loading=\"lazy\" src=\"https:\/\/www.europesays.com\/de\/wp-content\/uploads\/2026\/02\/1512074_dominik-krause_mehrzumthema_1DlT6q_AEoKUj.jpg\" alt=\"B\u00fcrgermeister Dominik Krause ist der OB-Kandidat der Gr\u00fcnen bei der Kommunalwahl am 8. M\u00e4rz 2026.\" title=\"B\u00fcrgermeister Dominik Krause ist der OB-Kandidat der Gr\u00fcnen bei der Kommunalwahl am 8. M\u00e4rz 2026.\" width=\"696\" height=\"390\"\/><\/a><\/p>\n<p>        <a href=\"https:\/\/www.abendzeitung-muenchen.de\/muenchen\/dominik-krause-gruene-ob-kandidat-muenchen-2026-im-ueberblick-art-1112109\" data-mrf-recirculation=\"Artikel-Link\" rel=\"nofollow noopener\" target=\"_blank\">So lernte Dominik Krause seinen Verlobten kennen        <\/a><\/p>\n<p>                X<\/p>\n<p>Sie haben den Artikel der Merkliste hinzugef\u00fcgt. <\/p>\n<p>                <a href=\"https:\/\/www.abendzeitung-muenchen.de\/meine-az\/merkliste\/\" title=\"Zur Merkliste\" rel=\"nofollow noopener\" target=\"_blank\"><br \/>\n                zur Merkliste<br \/>\n                <\/a>  <\/p>\n<p>Politische Karriere<\/p>\n<p>Clemens Baumg\u00e4rtner zog schon mit 20 Jahren f\u00fcr die CSU in den Bezirksausschuss Untergiesing-Harlaching ein. Von 2012 an war er Vorsitzender des Gremiums. Stadtrat war er nie, aber 2018 wurde er als Nachfolger von <a href=\"https:\/\/www.abendzeitung-muenchen.de\/person\/josef-schmid\/\" rel=\"nofollow noopener\" target=\"_blank\">Josef Schmid<\/a> Wirtschaftsreferent und Wiesn-Chef. Nachdem die CSU an der Stadtrats-Koalition nicht mehr beteiligt war, blieb ihm eine zweite Amtszeit aber verwehrt. Gr\u00fcn-Rot w\u00e4hlte Christian Scharpf (<a href=\"https:\/\/www.abendzeitung-muenchen.de\/organisation\/spd\/\" rel=\"nofollow noopener\" target=\"_blank\">SPD<\/a>) am 23. Oktober 2024 zu seinem Nachfolger. Besondere Aufmerksamkeit erregte Baumg\u00e4rtner durch die Gro\u00dfkonzerte von Adele in Riem auf dem Messegel\u00e4nde, als deren Macher er gilt. Nachdem lange als offen galt, wer f\u00fcr die CSU OB-Kandidat wird, einigten sich Baumg\u00e4rtner und der Stadtrats-Fraktionsvorsitzende Manuel Pretzl darauf, dass Baumg\u00e4rtner es werden sollte.<\/p>\n<p>     <img decoding=\"async\" loading=\"lazy\" src=\"https:\/\/www.europesays.com\/de\/wp-content\/uploads\/2026\/02\/1388250_188-oktoberfest-wiesn-einzug-auf-der-theresienwiese-in-m-nchen-am-16-09-202_artikelbild-75pr.jpeg\" alt=\"Clemens Baumg\u00e4rtner\" title=\"Clemens Baumg\u00e4rtner\" width=\"609\" height=\"927\"\/><\/p>\n<p>      Clemens Baumg\u00e4rtner<br \/>\n      \u00a9 BrauerPhotos\/A.Schulze<\/p>\n<p>    Clemens Baumg\u00e4rtner<\/p>\n<p>von BrauerPhotos\/A.Schulze <\/p>\n<p>&#8222;}&#8220;&gt; <\/p>\n<p>Politische Positionen<\/p>\n<p>Baumg\u00e4rtner galt im Rathaus zu seiner Amtszeit als sehr flei\u00dfig, aber auch als Scharfmacher und gesellschaftspolitisch als Konservativer. Auch im Wahlkampf setzt er auf Wirtschaftsf\u00f6rderung und auf Law and Order, fordert etwa viel mehr Kamera\u00fcberwachung in der Stadt. Baumg\u00e4rtner gibt sich als Pragmatiker, der besonders gegen die aus seiner Sicht ideologischen Gr\u00fcnen holzt und verspricht, die Stadt &#8222;wieder in Ordnung&#8220; zu bringen, etwa <a href=\"https:\/\/www.abendzeitung-muenchen.de\/muenchen\/csu-ob-kandidat-baumgaertner-so-hat-er-20-kilogramm-abgenommen-art-1092436\" target=\"_blank\" title=\"CSU-OB-Kandidat Baumg\u00e4rtner: So hat er 20 Kilogramm abgenommen\" rel=\"nofollow noopener\">mit weniger &#8222;Geister-Baustellen&#8220; <\/a>und weniger M\u00fcll.<\/p>\n<p>    <a href=\"https:\/\/www.abendzeitung-muenchen.de\/muenchen\/kommunalwahl-2026-was-muenchner-ueber-die-briefwahl-wissen-sollten-art-1110059\" data-mrf-recirculation=\"Artikel-Link\" rel=\"nofollow noopener\" target=\"_blank\"><img decoding=\"async\" loading=\"lazy\" src=\"https:\/\/www.europesays.com\/de\/wp-content\/uploads\/2026\/02\/1536162_bundestagswahl-auszaehlung-briefwahlstimmen_mehrzumthema_1Fwycm_ozYvNS.jpg\" alt=\"Immer mehr Wahlberechtigte greifen auf die M\u00f6glichkeit der Briefwahl zur\u00fcck. (Symbolbild)\" title=\"Immer mehr Wahlberechtigte greifen auf die M\u00f6glichkeit der Briefwahl zur\u00fcck. (Symbolbild)\" width=\"696\" height=\"390\"\/><\/a><\/p>\n<p>        <a href=\"https:\/\/www.abendzeitung-muenchen.de\/muenchen\/kommunalwahl-2026-was-muenchner-ueber-die-briefwahl-wissen-sollten-art-1110059\" data-mrf-recirculation=\"Artikel-Link\" rel=\"nofollow noopener\" target=\"_blank\">Kommunalwahl 2026: Was M\u00fcnchner \u00fcber die Briefwahl wissen sollten        <\/a><\/p>\n<p>                X<\/p>\n<p>Sie haben den Artikel der Merkliste hinzugef\u00fcgt. <\/p>\n<p>                <a href=\"https:\/\/www.abendzeitung-muenchen.de\/meine-az\/merkliste\/\" title=\"Zur Merkliste\" rel=\"nofollow noopener\" target=\"_blank\"><br \/>\n                zur Merkliste<br \/>\n                <\/a>  <\/p>\n<p>    <a href=\"https:\/\/www.abendzeitung-muenchen.de\/muenchen\/neue-umfrage-zur-ob-wahl-in-muenchen-veroeffentlicht-art-1109285\" data-mrf-recirculation=\"Artikel-Link\" rel=\"nofollow noopener\" target=\"_blank\"><img decoding=\"async\" loading=\"lazy\" src=\"https:\/\/www.europesays.com\/de\/wp-content\/uploads\/2026\/02\/1647094_muenchner-rathaus_mehrzumthema_1FqA8S_B2rSEH.jpg\" alt=\"Am 8. M\u00e4rz 2026 und vielleicht in einer Stichwahl zwei Wochen sp\u00e4ter, entscheidet sich, wer f\u00fcr die n\u00e4chsten sechs Jahre Oberb\u00fcrgermeister von M\u00fcnchen wird. (Archivbild)\" title=\"Am 8. M\u00e4rz 2026 und vielleicht in einer Stichwahl zwei Wochen sp\u00e4ter, entscheidet sich, wer f\u00fcr die n\u00e4chsten sechs Jahre Oberb\u00fcrgermeister von M\u00fcnchen wird. (Archivbild)\" width=\"696\" height=\"390\"\/><\/a><\/p>\n<p>        <a href=\"https:\/\/www.abendzeitung-muenchen.de\/muenchen\/neue-umfrage-zur-ob-wahl-in-muenchen-veroeffentlicht-art-1109285\" data-mrf-recirculation=\"Artikel-Link\" rel=\"nofollow noopener\" target=\"_blank\">OB-Wahl in M\u00fcnchen: Neue Umfrage ver\u00f6ffentlicht        <\/a><\/p>\n<p>                X<\/p>\n<p>Sie haben den Artikel der Merkliste hinzugef\u00fcgt. <\/p>\n<p>                <a href=\"https:\/\/www.abendzeitung-muenchen.de\/meine-az\/merkliste\/\" title=\"Zur Merkliste\" rel=\"nofollow noopener\" target=\"_blank\"><br \/>\n                zur Merkliste<br \/>\n                <\/a>  <\/p>\n<p>In der Kritik<\/p>\n<p>Aus der CSU ist an Baumg\u00e4rtner im Vorfeld der Wahl keine Kritik zu h\u00f6ren. \u00d6kologisch bewegte M\u00fcnchner f\u00fchlten sich oft durch ihn provoziert \u2013 etwa wegen des vielen \u00f6ffentlichen Raums, <a href=\"https:\/\/www.abendzeitung-muenchen.de\/muenchen\/streit-um-iaa-automesse-entzweit-die-stadtpolitik-art-763014\" target=\"_blank\" title=\"Streit um IAA: Automesse entzweit die Stadtpolitik\" rel=\"nofollow noopener\">der zu seiner Amtszeit der IAA zur Verf\u00fcgung gestellt wurde <\/a>oder von Fans des Herzkasperl-Zelts auf der Oidn <a href=\"https:\/\/www.abendzeitung-muenchen.de\/muenchen\/oktoberfest\/\" rel=\"nofollow noopener\" target=\"_blank\">Wiesn<\/a>, <a href=\"https:\/\/www.abendzeitung-muenchen.de\/muenchen\/das-ist-das-ende-der-oidn-wiesn-aus-fuers-herzkasperlzelt-art-990080\" target=\"_blank\" title=\"Aus f\u00fcrs Herzkasperlzelt: &quot;Das ist das Ende der Oidn Wiesn!&quot;\" rel=\"nofollow noopener\">das w\u00e4hrend seiner Zeit als Oktoberfest-Chef nicht mehr zugelassen wurde<\/a>.<\/p>\n<p><img decoding=\"async\" src=\"https:\/\/www.abendzeitung-muenchen.de\/design\/images\/paywall\/wahlabo_kreuz.svg\"\/><br \/>\nDer AZ-Wahlhelfer<\/p>\n<p>Kommunalwahl 2026: Vergleichen Sie Ihre Meinung mit den Positionen der Parteien.<\/p>\n<p><a href=\"https:\/\/wahlhelfer.abendzeitung-muenchen.de\/?utm_source=az&amp;utm_medium=embed&amp;utm_campaign=wahlhelfer\" class=\"btn\" title=\"https:\/\/wahlhelfer.abendzeitung-muenchen.de\/?utm_source=az&amp;utm_medium=embed&amp;utm_campaign=wahlhelfer\" rel=\"noopener nofollow\" target=\"_blank\">Zum AZ-Wahlhelfer<\/a><\/p>\n<p>Kurioses<\/p>\n<p>Ausgerechnet Baumg\u00e4rtner, der keiner Breitseite gegen gr\u00fcne Ideologen aus dem Weg geht, hat in seinem Bezirksausschuss viele Jahre recht ger\u00e4uschlos eine Mehrheit aus Gr\u00fcnen und CSU organisiert und moderiert. Ebenfalls \u00fcberraschend: Baumg\u00e4rtner arbeitet derzeit nicht, er hat sich ein ganzes Jahr nur f\u00fcr den OB-Wahlkampf Zeit genommen. In dieser Zeit lebt er, wie er sagt, von Erspartem.<\/p>\n","protected":false},"excerpt":{"rendered":"Am 8. M\u00e4rz 2026 w\u00e4hlt M\u00fcnchen einen neuen Oberb\u00fcrgermeister. Die AZ stellt die drei aussichtsreichsten Kandidaten vor. Heute:&hellip;\n","protected":false},"author":2,"featured_media":806815,"comment_status":"","ping_status":"","sticky":false,"template":"","format":"standard","meta":{"footnotes":"","_share_on_mastodon":"0"},"categories":[1827],"tags":[772,76378,774,29,30,45727,10917,1268,3748],"class_list":["post-806814","post","type-post","status-publish","format-standard","has-post-thumbnail","category-muenchen","tag-bayern","tag-clemens-baumgaertner","tag-csu","tag-deutschland","tag-germany","tag-kandidat","tag-kommunalwahl","tag-muenchen","tag-oberbuergermeister"],"share_on_mastodon":{"url":"https:\/\/pubeurope.com\/@de\/116091378090290045","error":""},"_links":{"self":[{"href":"https:\/\/www.europesays.com\/de\/wp-json\/wp\/v2\/posts\/806814","targetHints":{"allow":["GET"]}}],"collection":[{"href":"https:\/\/www.europesays.com\/de\/wp-json\/wp\/v2\/posts"}],"about":[{"href":"https:\/\/www.europesays.com\/de\/wp-json\/wp\/v2\/types\/post"}],"author":[{"embeddable":true,"href":"https:\/\/www.europesays.com\/de\/wp-json\/wp\/v2\/users\/2"}],"replies":[{"embeddable":true,"href":"https:\/\/www.europesays.com\/de\/wp-json\/wp\/v2\/comments?post=806814"}],"version-history":[{"count":0,"href":"https:\/\/www.europesays.com\/de\/wp-json\/wp\/v2\/posts\/806814\/revisions"}],"wp:featuredmedia":[{"embeddable":true,"href":"https:\/\/www.europesays.com\/de\/wp-json\/wp\/v2\/media\/806815"}],"wp:attachment":[{"href":"https:\/\/www.europesays.com\/de\/wp-json\/wp\/v2\/media?parent=806814"}],"wp:term":[{"taxonomy":"category","embeddable":true,"href":"https:\/\/www.europesays.com\/de\/wp-json\/wp\/v2\/categories?post=806814"},{"taxonomy":"post_tag","embeddable":true,"href":"https:\/\/www.europesays.com\/de\/wp-json\/wp\/v2\/tags?post=806814"}],"curies":[{"name":"wp","href":"https:\/\/api.w.org\/{rel}","templated":true}]}}