{"id":806856,"date":"2026-02-18T11:46:31","date_gmt":"2026-02-18T11:46:31","guid":{"rendered":"https:\/\/www.europesays.com\/de\/806856\/"},"modified":"2026-02-18T11:46:31","modified_gmt":"2026-02-18T11:46:31","slug":"einbahnstrasse-fuer-leonhardstrasse-loesung-gegen-gefaehrlichen-schulverkehr","status":"publish","type":"post","link":"https:\/\/www.europesays.com\/de\/806856\/","title":{"rendered":"Einbahnstra\u00dfe f\u00fcr Leonhardstra\u00dfe: L\u00f6sung gegen gef\u00e4hrlichen Schulverkehr?"},"content":{"rendered":"<p class=\"Paragraph_paragraph__r62CB Paragraph_paragraph--default-lg-default__F7CB0 articleParagraph\">Untersucht hat die Stadt Herzogenrath die Situation in der Leonhardstra\u00dfe, wo es vor der Regenbogen- und der K\u00e4the-Kollwitz-Schule immer wieder zu teils gef\u00e4hrlichen Verkehrssituationen durch Elterntaxis in Kombination mit dem Durchgangsverkehr kommt. Ein Vater zweier Grundschulkinder hatte sich deswegen bereits im September 2024 mit einer B\u00fcrgeranregung an die Stadt gewandt: n\u00e4mlich eine sogenannte Schulstra\u00dfe einzurichten. <\/p>\n<p class=\"Paragraph_paragraph__r62CB Paragraph_paragraph--default-lg-default__F7CB0 articleParagraph\">Von der Schulleitung und dem Sch\u00fclerparlament in Kooperation mit der Polizei eingeleitete Ma\u00dfnahmen wie der Verteilung von roten\/gelben und gr\u00fcnen Smileys h\u00e4tten nicht die erwartete Wirkung gezeigt, begr\u00fcndete der Vater. <\/p>\n<p><a href=\"https:\/\/www.aachener-zeitung.de\/lokales\/region-aachen\/baesweiler\/baesweiler-eltern-waehlen-chaos-statt-vernunft-polizei-fordert-einbahnstrasse\/131112925.html\" class=\"RelatedTeaser_related-teaser__Jh6Ro RelatedTeaser_related-teaser--image__KQW2t read-more_withImage__1YJa_\" data-article-id=\"131112925\" rel=\"nofollow noopener\" target=\"_blank\"><\/p>\n<p>Lesen Sie auch:Baesweiler Eltern w\u00e4hlen Chaos statt Vernunft, Polizei fordert Einbahnstra\u00dfe<\/p>\n<p><\/a><\/p>\n<p class=\"Paragraph_paragraph__r62CB Paragraph_paragraph--default-lg-default__F7CB0 articleParagraph\">Einstimmig votierte der Mobilit\u00e4tsausschuss seinerzeit unter anderem, die Umsetzung einer Schulstra\u00dfe pr\u00fcfen zu lassen. Eine solche Einrichtung sieht die tempor\u00e4re Sperrung eines Stra\u00dfenabschnitts vor Schulen und Kitas f\u00fcr den motorisierten Verkehr vor, um morgens und nachmittags die Sicherheit f\u00fcr Sch\u00fclerinnen und Sch\u00fcler zu erh\u00f6hen. <\/p>\n<p>\u201eNur verlagert, nicht gel\u00f6st\u201c<\/p>\n<p class=\"Paragraph_paragraph__r62CB Paragraph_paragraph--default-lg-default__F7CB0 articleParagraph\">Die Untersuchungsergebnisse wurden dem Fachausschuss jetzt pr\u00e4sentiert. Da von der Einrichtung einer Schulstra\u00dfe mehrere Hundert Anwohner betroffen w\u00e4ren und zudem das Risiko bestehe, dass das Problem des starken Verkehrs nur verlagert, statt gel\u00f6st werde, h\u00e4tten sich sowohl Stra\u00dfenverkehrsbeh\u00f6rde als auch Polizei gegen die Einrichtung der Stra\u00dfe als Schulstra\u00dfe ausgesprochen. <\/p>\n<p class=\"Paragraph_paragraph__r62CB Paragraph_paragraph--default-lg-default__F7CB0 articleParagraph\">Als L\u00f6sungsvorschlag wurde im j\u00fcngsten Mobilit\u00e4tsausschuss daher beschlossen, die Stadtverwaltung pr\u00fcfen zu lassen, ob man die Leonhardstra\u00dfe zwischen Saar- und Pintep\u00fctzstra\u00dfe in eine Einbahnstra\u00dfe umwandeln kann. Dies soll mit den Schulen abgestimmt werden. Geben die Schulen hierf\u00fcr gr\u00fcnes Licht, so die Stadt, k\u00f6nnte ein baldiger Versuch starten, um den Verkehr in der Stra\u00dfe nachhaltig zu beruhigen. Hierzu bed\u00fcrfte es allerdings noch eines weiteren Beschlusses des Mobilit\u00e4tsausschusses.<\/p>\n","protected":false},"excerpt":{"rendered":"Untersucht hat die Stadt Herzogenrath die Situation in der Leonhardstra\u00dfe, wo es vor der Regenbogen- und der K\u00e4the-Kollwitz-Schule&hellip;\n","protected":false},"author":2,"featured_media":806857,"comment_status":"","ping_status":"","sticky":false,"template":"","format":"standard","meta":{"footnotes":"","_share_on_mastodon":"0"},"categories":[1853],"tags":[1424,3364,29,548,663,3934,30,13,14,15,1209,12],"class_list":["post-806856","post","type-post","status-publish","format-standard","has-post-thumbnail","category-aachen","tag-aachen","tag-de","tag-deutschland","tag-eu","tag-europa","tag-europe","tag-germany","tag-headlines","tag-nachrichten","tag-news","tag-nordrhein-westfalen","tag-schlagzeilen"],"share_on_mastodon":{"url":"https:\/\/pubeurope.com\/@de\/116091472190948091","error":""},"_links":{"self":[{"href":"https:\/\/www.europesays.com\/de\/wp-json\/wp\/v2\/posts\/806856","targetHints":{"allow":["GET"]}}],"collection":[{"href":"https:\/\/www.europesays.com\/de\/wp-json\/wp\/v2\/posts"}],"about":[{"href":"https:\/\/www.europesays.com\/de\/wp-json\/wp\/v2\/types\/post"}],"author":[{"embeddable":true,"href":"https:\/\/www.europesays.com\/de\/wp-json\/wp\/v2\/users\/2"}],"replies":[{"embeddable":true,"href":"https:\/\/www.europesays.com\/de\/wp-json\/wp\/v2\/comments?post=806856"}],"version-history":[{"count":0,"href":"https:\/\/www.europesays.com\/de\/wp-json\/wp\/v2\/posts\/806856\/revisions"}],"wp:featuredmedia":[{"embeddable":true,"href":"https:\/\/www.europesays.com\/de\/wp-json\/wp\/v2\/media\/806857"}],"wp:attachment":[{"href":"https:\/\/www.europesays.com\/de\/wp-json\/wp\/v2\/media?parent=806856"}],"wp:term":[{"taxonomy":"category","embeddable":true,"href":"https:\/\/www.europesays.com\/de\/wp-json\/wp\/v2\/categories?post=806856"},{"taxonomy":"post_tag","embeddable":true,"href":"https:\/\/www.europesays.com\/de\/wp-json\/wp\/v2\/tags?post=806856"}],"curies":[{"name":"wp","href":"https:\/\/api.w.org\/{rel}","templated":true}]}}