{"id":806967,"date":"2026-02-18T12:47:14","date_gmt":"2026-02-18T12:47:14","guid":{"rendered":"https:\/\/www.europesays.com\/de\/806967\/"},"modified":"2026-02-18T12:47:14","modified_gmt":"2026-02-18T12:47:14","slug":"wohnungsprojekt-in-lichtenberg-vorerst-gestoppt","status":"publish","type":"post","link":"https:\/\/www.europesays.com\/de\/806967\/","title":{"rendered":"Wohnungsprojekt in Lichtenberg vorerst gestoppt"},"content":{"rendered":"<p class=\"article_paragraph__hXYKJ\">Der Bund f\u00fcr Umwelt und Naturschutz (BUND) klagt gegen ein Wohnungsprojekt in Karlshorst. Der Verein reichte beim Verwaltungsgericht Klage gegen eine Ausnahmegenehmigung des Berliner Senats ein. Diese betraf die Aussetzung von besonderem <a target=\"_blank\" rel=\"nofollow noopener\" href=\"https:\/\/www.berliner-zeitung.de\/ratgeber\/fledermaus-hauptstadt-so-lassen-sich-fledermaeuse-in-berlin-beobachten-und-retten-li.2351949\">Schutz der \u00f6rtlichen Fledermauspopulation<\/a>.<\/p>\n<p class=\"article_paragraph__hXYKJ\">Die Klage hat aufschiebende Wirkung. Damit d\u00fcrfen die f\u00fcr heute angek\u00fcndigten Baumf\u00e4llungen vorerst nicht beginnen. Das Projekt verz\u00f6gert sich entsprechend.<\/p>\n<p class=\"article_paragraph__hXYKJ\">Im Kern geht es um ein Bauprojekt der landeseigenen Wohnungsbaugesellschaft Howoge an der Ilse- und Marksburgstra\u00dfe <a target=\"_blank\" rel=\"nofollow noopener\" href=\"https:\/\/www.berliner-zeitung.de\/topics\/karlshorst\">in Karlshorst<\/a>. Dort sollen in den Gr\u00fcnfl\u00e4chen einer Wohnanlage aus den f\u00fcnfziger Jahren zehn zus\u00e4tzliche H\u00e4user mit 237 Wohnungen entstehen. Daf\u00fcr m\u00fcssten Geh\u00f6lze gef\u00e4llt, gerodet und beschnitten werden, so der BUND.<\/p>\n<p>BUND sieht M\u00e4ngel beim Schutz von Flederm\u00e4usen<\/p>\n<p class=\"article_paragraph__hXYKJ\">Der Verband begr\u00fcndet seine Klage mit zwei zentralen M\u00e4ngeln: Zum einen seien im Herbst vorgenommene Ersatzpflanzungen, die als Ausgleich f\u00fcr entfallende Ruhest\u00e4tten des Haussperlings dienen sollen, noch nicht angewachsen.<\/p>\n<p class=\"article_paragraph__hXYKJ\">Zum anderen fehle die Feststellung eines g\u00fcnstigen Erhaltungszustands der Zwergfledermaus. Das sei aber eine zentrale Voraussetzung f\u00fcr die Erteilung einer artenschutzrechtlichen Ausnahme.<\/p>\n<p>Verwaltungsgericht st\u00e4rkte Artenschutz<\/p>\n<p class=\"article_paragraph__hXYKJ\">Erst vor wenigen Tagen hatte das Verwaltungsgericht Berlin in einem \u00e4hnlichen Eilverfahren zu einem Bauprojekt der Gesobau entschieden, dass Ersatzma\u00dfnahmen vollst\u00e4ndig wirksam sein m\u00fcssen, bevor Geh\u00f6lze beseitigt werden d\u00fcrfen. <a target=\"_blank\" rel=\"nofollow noopener\" href=\"https:\/\/www.berliner-zeitung.de\/topics\/wohnungsbaugesellschaft\">Die Pl\u00e4ne der Howoge<\/a> f\u00fcr die Nachverdichtung sind seit rund neun Jahren bekannt.<\/p>\n<p class=\"article_paragraph__hXYKJ\">Nachdem auch auf Bezirksebene Widerstand gewachsen war, hatte die Senatsverwaltung f\u00fcr Stadtentwicklung das Verfahren an sich gezogen. Das Verwaltungsgericht muss nun \u00fcber die Rechtm\u00e4\u00dfigkeit der Genehmigung entscheiden. (mit dpa)<\/p>\n","protected":false},"excerpt":{"rendered":"Der Bund f\u00fcr Umwelt und Naturschutz (BUND) klagt gegen ein Wohnungsprojekt in Karlshorst. Der Verein reichte beim Verwaltungsgericht&hellip;\n","protected":false},"author":2,"featured_media":806968,"comment_status":"","ping_status":"","sticky":false,"template":"","format":"standard","meta":{"footnotes":"","_share_on_mastodon":"0"},"categories":[1825],"tags":[296,29,30],"class_list":["post-806967","post","type-post","status-publish","format-standard","has-post-thumbnail","category-berlin","tag-berlin","tag-deutschland","tag-germany"],"share_on_mastodon":{"url":"https:\/\/pubeurope.com\/@de\/116091712080667480","error":""},"_links":{"self":[{"href":"https:\/\/www.europesays.com\/de\/wp-json\/wp\/v2\/posts\/806967","targetHints":{"allow":["GET"]}}],"collection":[{"href":"https:\/\/www.europesays.com\/de\/wp-json\/wp\/v2\/posts"}],"about":[{"href":"https:\/\/www.europesays.com\/de\/wp-json\/wp\/v2\/types\/post"}],"author":[{"embeddable":true,"href":"https:\/\/www.europesays.com\/de\/wp-json\/wp\/v2\/users\/2"}],"replies":[{"embeddable":true,"href":"https:\/\/www.europesays.com\/de\/wp-json\/wp\/v2\/comments?post=806967"}],"version-history":[{"count":0,"href":"https:\/\/www.europesays.com\/de\/wp-json\/wp\/v2\/posts\/806967\/revisions"}],"wp:featuredmedia":[{"embeddable":true,"href":"https:\/\/www.europesays.com\/de\/wp-json\/wp\/v2\/media\/806968"}],"wp:attachment":[{"href":"https:\/\/www.europesays.com\/de\/wp-json\/wp\/v2\/media?parent=806967"}],"wp:term":[{"taxonomy":"category","embeddable":true,"href":"https:\/\/www.europesays.com\/de\/wp-json\/wp\/v2\/categories?post=806967"},{"taxonomy":"post_tag","embeddable":true,"href":"https:\/\/www.europesays.com\/de\/wp-json\/wp\/v2\/tags?post=806967"}],"curies":[{"name":"wp","href":"https:\/\/api.w.org\/{rel}","templated":true}]}}