{"id":806972,"date":"2026-02-18T12:50:14","date_gmt":"2026-02-18T12:50:14","guid":{"rendered":"https:\/\/www.europesays.com\/de\/806972\/"},"modified":"2026-02-18T12:50:14","modified_gmt":"2026-02-18T12:50:14","slug":"gesundheitsausschuss-besucht-medizinischen-dienst-berlin-brandenburg","status":"publish","type":"post","link":"https:\/\/www.europesays.com\/de\/806972\/","title":{"rendered":"Gesundheitsausschuss besucht Medizinischen Dienst Berlin Brandenburg"},"content":{"rendered":"<p>    Breadcrumb<\/p>\n<ol aria-label=\"Breadcrumb\" class=\"breadcrumb opensearchserver.ignore\">\n<li class=\"breadcrumb-item\"><a href=\"https:\/\/www.landtag.brandenburg.de\/de\/startseite\" rel=\"nofollow noopener\" target=\"_blank\"><\/a><\/li>\n<li class=\"breadcrumb-item \">Aktuelles<\/li>\n<li class=\"breadcrumb-item \">Neuigkeiten<\/li>\n<li class=\"breadcrumb-item \"><a href=\"https:\/\/www.landtag.brandenburg.de\/de\/aktuelles\/neuigkeiten\/aktuelle_meldungen\/25187\" title=\"Aktuelle Meldungen\" rel=\"nofollow noopener\" target=\"_blank\">Aktuelle Meldungen<\/a><\/li>\n<li class=\"breadcrumb-item active\">Gesundheitsausschuss besucht Medizinischen Dienst Berlin Brandenburg<\/li>\n<\/ol>\n<p>Potsdam, 18. Februar 2026. Der Ausschuss f\u00fcr Gesundheit und Soziales des Landtages informierte sich bei einem Vor-Ort-Termin \u00fcber die Aufgaben, die Arbeitsweise und die aktuellen Entwicklungen des Medizinischen Dienstes Berlin\u2011Brandenburg (MD BB). Gegenstand des Austauschs waren unter anderem die Krankenhausreform und die aktuelle Begutachtung der Leistungsgruppen, die au\u00dferklinische Intensivpflege bei Kindern und Jugendlichen sowie m\u00f6gliche Ans\u00e4tze zum B\u00fcrokratieabbau im Gesundheitswesen.<\/p>\n<p>&#13;<\/p>\n<p>In Gespr\u00e4chen mit den Verantwortlichen des MD BB wurden praktische Erfahrungen, bestehende strukturelle Herausforderungen sowie m\u00f6gliche L\u00f6sungsans\u00e4tze er\u00f6rtert. Weitere Schwerpunkte lagen auf der Begutachtungsarbeit des Medizinischen Dienstes sowie der Umsetzung und Wirkung des Intensivpflege\u2011 und Rehabilitationsst\u00e4rkungsgesetzes, insbesondere im Bereich der au\u00dferklinischen Intensivpflege und der Entw\u00f6hnung von Patientinnen und Patienten von der Beatmung. Dar\u00fcber hinaus befragten die Ausschussmitglieder Vertreterinnen und Vertreter des MD BB zu ihrer Bewertung der Auswirkungen der Begutachtungsrichtlinie aus dem Jahr 2017 sowie die Vorgehensweisen des MD BB bei der Begutachtung von Kindern und Jugendlichen in F\u00e4llen m\u00f6glicher Kindeswohlgef\u00e4hrdung.<\/p>\n<p>&#13;<\/p>\n<p>                <a class=\"fig-zoom\" data-lightbox-gallery=\"\"><br \/>\n                    <img decoding=\"async\" class=\"img-fluid\" alt=\"Der Ausschuss f\u00fcr Gesundheit und Soziales des Landtages informierte sich bei einem Vor-Ort-Termin \u00fcber die Aufgaben, die Arbeitsweise und die aktuellen Entwicklungen des Medizinischen Dienstes Berlin Brandenburg (MD BB).\" loading=\"lazy\" src=\"https:\/\/www.europesays.com\/de\/wp-content\/uploads\/2026\/02\/IMG_7181 (002).JPG.387874.JPG\" data-sub-html=\"Der Ausschuss f\u00fcr Gesundheit und Soziales des Landtages informierte sich bei einem Vor-Ort-Termin \u00fcber die Aufgaben, die Arbeitsweise und die aktuellen Entwicklungen des Medizinischen Dienstes Berlin Brandenburg (MD BB).&lt;br&gt;\u00a9 Landtag Brandenburg\"\/><br \/>\n                <\/a><\/p>\n<p>                Der Ausschuss f\u00fcr Gesundheit und Soziales des Landtages informierte sich bei einem Vor-Ort-Termin \u00fcber die Aufgaben, die Arbeitsweise und die aktuellen Entwicklungen des Medizinischen Dienstes Berlin Brandenburg (MD BB).<br \/>\u00a9 Landtag Brandenburg<\/p>\n","protected":false},"excerpt":{"rendered":"Breadcrumb Aktuelles Neuigkeiten Aktuelle Meldungen Gesundheitsausschuss besucht Medizinischen Dienst Berlin Brandenburg Potsdam, 18. Februar 2026. Der Ausschuss f\u00fcr&hellip;\n","protected":false},"author":2,"featured_media":806973,"comment_status":"","ping_status":"","sticky":false,"template":"","format":"standard","meta":{"footnotes":"","_share_on_mastodon":"0"},"categories":[1825],"tags":[296,29,30],"class_list":["post-806972","post","type-post","status-publish","format-standard","has-post-thumbnail","category-berlin","tag-berlin","tag-deutschland","tag-germany"],"share_on_mastodon":{"url":"https:\/\/pubeurope.com\/@de\/116091723940375815","error":""},"_links":{"self":[{"href":"https:\/\/www.europesays.com\/de\/wp-json\/wp\/v2\/posts\/806972","targetHints":{"allow":["GET"]}}],"collection":[{"href":"https:\/\/www.europesays.com\/de\/wp-json\/wp\/v2\/posts"}],"about":[{"href":"https:\/\/www.europesays.com\/de\/wp-json\/wp\/v2\/types\/post"}],"author":[{"embeddable":true,"href":"https:\/\/www.europesays.com\/de\/wp-json\/wp\/v2\/users\/2"}],"replies":[{"embeddable":true,"href":"https:\/\/www.europesays.com\/de\/wp-json\/wp\/v2\/comments?post=806972"}],"version-history":[{"count":0,"href":"https:\/\/www.europesays.com\/de\/wp-json\/wp\/v2\/posts\/806972\/revisions"}],"wp:featuredmedia":[{"embeddable":true,"href":"https:\/\/www.europesays.com\/de\/wp-json\/wp\/v2\/media\/806973"}],"wp:attachment":[{"href":"https:\/\/www.europesays.com\/de\/wp-json\/wp\/v2\/media?parent=806972"}],"wp:term":[{"taxonomy":"category","embeddable":true,"href":"https:\/\/www.europesays.com\/de\/wp-json\/wp\/v2\/categories?post=806972"},{"taxonomy":"post_tag","embeddable":true,"href":"https:\/\/www.europesays.com\/de\/wp-json\/wp\/v2\/tags?post=806972"}],"curies":[{"name":"wp","href":"https:\/\/api.w.org\/{rel}","templated":true}]}}