{"id":807251,"date":"2026-02-18T15:21:17","date_gmt":"2026-02-18T15:21:17","guid":{"rendered":"https:\/\/www.europesays.com\/de\/807251\/"},"modified":"2026-02-18T15:21:17","modified_gmt":"2026-02-18T15:21:17","slug":"muenchen-grosse-graffiti-auf-der-u-bahn-vier-sprayer-erwischt-muenchen","status":"publish","type":"post","link":"https:\/\/www.europesays.com\/de\/807251\/","title":{"rendered":"M\u00fcnchen: Gro\u00dfe Graffiti auf der U-Bahn \u2013 vier Sprayer erwischt &#8211; M\u00fcnchen"},"content":{"rendered":"<p data-manual=\"paragraph\" data-schema-org-speakable=\"true\" class=\"css-1eosz7k\">Aufmerksamen Passanten ist es zu verdanken, dass vier Tatverd\u00e4chtige festgenommen wurden konnten, kurz nachdem sie mutma\u00dflich eine U-Bahn mit Farbdosen bemalt hatten. Wie die Polizei erst jetzt mitteilte, ereignete sich die Tat bereits am vorvergangenen Sonntag in den Morgenstunden am U-Bahnhof Dietlindenstra\u00dfe.<\/p>\n<p data-manual=\"paragraph\" data-schema-org-speakable=\"true\" class=\"css-1eosz7k\">In der N\u00e4he eines Notausstiegs waren den beiden Passanten gegen 6.30 Uhr vier vermummte Personen aufgefallen, die in ein Auto stiegen und davonfuhren. Sie merkten sich das Kennzeichen und sprachen eine vorbeikommende Streifenbesatzung an. Fast zur selben Zeit hatten Mitarbeiter der U-Bahn-Wache die Polizei verst\u00e4ndigt, dass sie im U-Bahn-Tunnel einen gro\u00dffl\u00e4chig mit <a href=\"https:\/\/www.sueddeutsche.de\/thema\/Graffiti\" rel=\"nofollow noopener\" target=\"_blank\">Graffiti<\/a> bespr\u00fchten Zug entdeckt hatten; laut Angaben einer Polizeisprecherin sei die frische Farbe noch zu riechen gewesen. Die U-Bahn-Wache sei durch einen am Notausstieg ausgel\u00f6sten Alarm aufmerksam gemacht worden.<\/p>\n<p data-manual=\"paragraph\" data-schema-org-speakable=\"true\" class=\"css-1eosz7k\">Dank des gemerkten Kennzeichens stellten die Beamten schnell den Halter des Fahrzeugs fest und fuhren umgehend zu seiner Wohnadresse nach <a href=\"https:\/\/www.sueddeutsche.de\/thema\/Bogenhausen\" rel=\"nofollow noopener\" target=\"_blank\">Bogenhausen<\/a>. Dort trafen sie vier Personen an, im Wagen selbst wurden etliche Spraydosen festgestellt. Im Verlauf der Ermittlungen erh\u00e4rtete sich der Tatverdacht gegen die vier M\u00e4nner, einen 32-J\u00e4hrigen und einen 37-J\u00e4hrigen aus <a href=\"https:\/\/www.sueddeutsche.de\/thema\/M%C3%BCnchen\" rel=\"nofollow noopener\" target=\"_blank\">M\u00fcnchen<\/a>, einen 24-J\u00e4hrigen aus dem Landkreis Ebersberg sowie einen 27-J\u00e4hrigen aus Nordrhein-Westfalen. Alle sind wegen Sachbesch\u00e4digung durch Graffiti bereits in Erscheinung getreten. Nun erwartet sie ein weiteres Verfahren. Die M\u00e4nner sind nach Abschluss der polizeilichen Ma\u00dfnahmen wieder auf freiem Fu\u00df.<\/p>\n","protected":false},"excerpt":{"rendered":"Aufmerksamen Passanten ist es zu verdanken, dass vier Tatverd\u00e4chtige festgenommen wurden konnten, kurz nachdem sie mutma\u00dflich eine U-Bahn&hellip;\n","protected":false},"author":2,"featured_media":748398,"comment_status":"","ping_status":"","sticky":false,"template":"","format":"standard","meta":{"footnotes":"","_share_on_mastodon":"0"},"categories":[1827],"tags":[772,16675,29,2816,30,12530,1268,2813,3093,2814,149,16433,3232],"class_list":["post-807251","post","type-post","status-publish","format-standard","has-post-thumbnail","category-muenchen","tag-bayern","tag-bogenhausen","tag-deutschland","tag-freimann","tag-germany","tag-graffiti","tag-muenchen","tag-muenchen-stadtteile","tag-polizei-und-feuerwehr-in-muenchen","tag-schwabing-freimann","tag-sueddeutsche-zeitung","tag-u-bahn-muenchen","tag-verkehr-in-muenchen"],"share_on_mastodon":{"url":"https:\/\/pubeurope.com\/@de\/116092317495619962","error":""},"_links":{"self":[{"href":"https:\/\/www.europesays.com\/de\/wp-json\/wp\/v2\/posts\/807251","targetHints":{"allow":["GET"]}}],"collection":[{"href":"https:\/\/www.europesays.com\/de\/wp-json\/wp\/v2\/posts"}],"about":[{"href":"https:\/\/www.europesays.com\/de\/wp-json\/wp\/v2\/types\/post"}],"author":[{"embeddable":true,"href":"https:\/\/www.europesays.com\/de\/wp-json\/wp\/v2\/users\/2"}],"replies":[{"embeddable":true,"href":"https:\/\/www.europesays.com\/de\/wp-json\/wp\/v2\/comments?post=807251"}],"version-history":[{"count":0,"href":"https:\/\/www.europesays.com\/de\/wp-json\/wp\/v2\/posts\/807251\/revisions"}],"wp:featuredmedia":[{"embeddable":true,"href":"https:\/\/www.europesays.com\/de\/wp-json\/wp\/v2\/media\/748398"}],"wp:attachment":[{"href":"https:\/\/www.europesays.com\/de\/wp-json\/wp\/v2\/media?parent=807251"}],"wp:term":[{"taxonomy":"category","embeddable":true,"href":"https:\/\/www.europesays.com\/de\/wp-json\/wp\/v2\/categories?post=807251"},{"taxonomy":"post_tag","embeddable":true,"href":"https:\/\/www.europesays.com\/de\/wp-json\/wp\/v2\/tags?post=807251"}],"curies":[{"name":"wp","href":"https:\/\/api.w.org\/{rel}","templated":true}]}}