{"id":807273,"date":"2026-02-18T15:34:13","date_gmt":"2026-02-18T15:34:13","guid":{"rendered":"https:\/\/www.europesays.com\/de\/807273\/"},"modified":"2026-02-18T15:34:13","modified_gmt":"2026-02-18T15:34:13","slug":"sonja-zietlow-diskussion-um-ard-auftritt","status":"publish","type":"post","link":"https:\/\/www.europesays.com\/de\/807273\/","title":{"rendered":"Sonja Zietlow: Diskussion um ARD-Auftritt"},"content":{"rendered":"<p>  Sonja Zietlow: Diskussion um ARD-Auftritt &#8211; &#8222;Nach ihrem Gil-Fan-Auftritt habe ich genug von ihr&#8220;<\/p>\n<p>Sonja Zietlows Verhalten beim Dschungelcamp-Wiedersehen h\u00e4ngt der Moderatorin offenbar immer noch nach: Am 18. Februar wird sie n\u00e4mlich in der ARD-Show &#8222;Wer wei\u00df denn sowas?&#8220; zu sehen sein, doch auf Instagram hagelt es viel Kritik f\u00fcr die Blondine &#8230;<\/p>\n<p>Sonja Zietlow: Wegen Gil Ofarim &#8211; Heftige Kritik nach Dschungelcamp-Wiedersehen<\/p>\n<p><strong>Zu parteiisch, zu wenig kritische Nachfragen<\/strong> &#8211; <a href=\"https:\/\/www.ok-magazin.de\/tv-streaming\/dschungelcamp-2026-sonja-zietlow-spaltet-die-fans-112202.html\" data-entity-type=\"node\" data-entity-uuid=\"ce211fdf-48e9-471a-af81-39bb415c464d\" data-entity-substitution=\"canonical\" rel=\"nofollow noopener\" target=\"_blank\">so lautete das Urteil vieler Zuschauer \u00fcber Sonja Zietlow (57)<\/a> nach dem gro\u00dfen Dschungelcamp-Wiedersehen. In den Augen einiger Fans wirkte es so, als h\u00e4tte die Moderatorin Dschungelk\u00f6nig Gil Ofarim (43) in Schutz genommen. Die Blondine betonte, der S\u00e4nger habe die Erwartungen seiner Mitcamper wahrscheinlich \u00fcberhaupt nicht erf\u00fcllen k\u00f6nnen. Au\u00dferdem stellte sie klar, dass Ofarim schon in den letzten Jahren &#8211; unabh\u00e4ngig von dem Davidstern-Skandal &#8211; schon mehrfach &#8222;als S\u00e4nger&#8220; f\u00fcr die RTL-Show angefragt worden sei. Im Netz brach <strong>eine Welle der Kritik \u00fcber Sonja Zietlow herein,<\/strong> viele bezeichneten sie in diversen Kommentarspalten als &#8222;Gil-Fangirl&#8220;. Und offenbar ist der \u00c4rger noch immer nicht \u00fcberwunden &#8230;<\/p>\n<p>Fans \u00fcben Kritik wegen ARD-Auftritt &#8211; &#8222;Solange keine Einordnung zum Thema Gil kommt, wird das nicht geschaut&#8220;<\/p>\n<p>Denn: Am 18. Februar wird Sonja Zietlow nun neben Wotan-Wilke M\u00f6hring (58), Bernhard Ho\u00ebcker (55) und Laura Krarasek (43) in der ARD-Show &#8222;Wer wei\u00df denn sowas?&#8220; zu sehen sein. Die Dschungelcamp-Moderatorin selbst teilte einen entsprechenden Instagram-Post in ihrer Story. Doch wirft man einen Blick in die Kommentare, so f\u00e4llt auf, dass viele Fans nach wie vor entt\u00e4uscht von der 57-J\u00e4hrigen sind. So hei\u00dft es beispielsweise: &#8222;<strong>Solange da keine Einordnung zum Thema Gil kommt, wird das nicht geschaut &#8230; Sorry&#8220;, <\/strong>&#8222;Wieso nicht mit Gil? Ist doch dein Liebling?&#8220;, &#8222;Ich tippe nicht mal aus Versehen den Sender &#8230; und das haupts\u00e4chlich wegen Sonja&#8220;, &#8222;Allein wegen Sonja werde ich NICHT einschalten&#8220;, &#8222;Business as usual oder wie? Nicht ein Satz, nicht ein Statement zum Dschungel-Thema? Im Ernst? Einfach weitermachen mit der kompletten Maschinerie als w\u00e4re nichts gewesen? Keinerlei Konsequenzen oder Verantwortung \u00fcbernehmen wollen?&#8220;, &#8222;Weil Sonja dabei ist, werde ich es nicht anschauen. Bin sehr entt\u00e4uscht&#8220;, &#8222;Muss mich erstmal von Sonjas Auftreten erholen und das wird viel Zeit brauchen &#8230;&#8220; oder &#8222;Tut mir leid, dass zu sagen, <strong>aber aktuell will ich nix mehr mit Sonja sehen. <\/strong>Nach ihrem Gil-Fan-Auftritt hab ich erst Mal genug von ihr. Dabei mochte ich sie fr\u00fcher immer.&#8220;<\/p>\n<p>Doch nat\u00fcrlich hagelt es nicht nur Kritik f\u00fcr Sonja Zietlow: &#8222;Peinlich, die Leute, die gegen Sonja hetzen. Nur weil sie sich f\u00fcr Gil eingesetzt hat. Sie hat Tatsachen gesprochen&#8220;, findet ein User. &#8222;Super, ich freue mich schon auf die Sendung und Sonja&#8220; oder &#8222;Alleine wegen Sonja werde ich einschalten&#8220; schreiben andere. Hei\u00dft: Die Dschungelcamp-Diskussion ist &#8211; zumindest im Netz &#8211; allem Anschein nach noch lange nicht dabei. Aber schon w\u00e4hrend der laufenden IBES-Staffel spalteten sich die Fans in zwei Lager &#8211; und so wird es wohl auch weiterhin bleiben &#8230;<\/p>\n<p>&#8222;Wer wei\u00df denn sowas?&#8220; mit Sonja Zietlow und Co. l\u00e4uft am 18. Februar um 18 Uhr in der ARD.<\/p>\n<p><strong>Verwendete Quellen:<\/strong> Instagram, RTL<\/p>\n","protected":false},"excerpt":{"rendered":"Sonja Zietlow: Diskussion um ARD-Auftritt &#8211; &#8222;Nach ihrem Gil-Fan-Auftritt habe ich genug von ihr&#8220; Sonja Zietlows Verhalten beim&hellip;\n","protected":false},"author":2,"featured_media":807274,"comment_status":"","ping_status":"","sticky":false,"template":"","format":"standard","meta":{"footnotes":"","_share_on_mastodon":"0"},"categories":[1773],"tags":[106064,29,933,214,30,21125,168661,640,471,1780,884,215],"class_list":["post-807273","post","type-post","status-publish","format-standard","has-post-thumbnail","category-serien","tag-deutsche-stars","tag-deutschland","tag-dschungelcamp","tag-entertainment","tag-germany","tag-gil-ofarim","tag-reality-shows","tag-rtl","tag-serien","tag-series","tag-sonja-zietlow","tag-unterhaltung"],"share_on_mastodon":{"url":"","error":""},"_links":{"self":[{"href":"https:\/\/www.europesays.com\/de\/wp-json\/wp\/v2\/posts\/807273","targetHints":{"allow":["GET"]}}],"collection":[{"href":"https:\/\/www.europesays.com\/de\/wp-json\/wp\/v2\/posts"}],"about":[{"href":"https:\/\/www.europesays.com\/de\/wp-json\/wp\/v2\/types\/post"}],"author":[{"embeddable":true,"href":"https:\/\/www.europesays.com\/de\/wp-json\/wp\/v2\/users\/2"}],"replies":[{"embeddable":true,"href":"https:\/\/www.europesays.com\/de\/wp-json\/wp\/v2\/comments?post=807273"}],"version-history":[{"count":0,"href":"https:\/\/www.europesays.com\/de\/wp-json\/wp\/v2\/posts\/807273\/revisions"}],"wp:featuredmedia":[{"embeddable":true,"href":"https:\/\/www.europesays.com\/de\/wp-json\/wp\/v2\/media\/807274"}],"wp:attachment":[{"href":"https:\/\/www.europesays.com\/de\/wp-json\/wp\/v2\/media?parent=807273"}],"wp:term":[{"taxonomy":"category","embeddable":true,"href":"https:\/\/www.europesays.com\/de\/wp-json\/wp\/v2\/categories?post=807273"},{"taxonomy":"post_tag","embeddable":true,"href":"https:\/\/www.europesays.com\/de\/wp-json\/wp\/v2\/tags?post=807273"}],"curies":[{"name":"wp","href":"https:\/\/api.w.org\/{rel}","templated":true}]}}