{"id":807501,"date":"2026-02-18T17:33:23","date_gmt":"2026-02-18T17:33:23","guid":{"rendered":"https:\/\/www.europesays.com\/de\/807501\/"},"modified":"2026-02-18T17:33:23","modified_gmt":"2026-02-18T17:33:23","slug":"groesste-us-truppenverlegung-seit-dem-golfkrieg-drohung-oder-vorbereitung-fuer-angriff-t-online","status":"publish","type":"post","link":"https:\/\/www.europesays.com\/de\/807501\/","title":{"rendered":"Gr\u00f6\u00dfte US-Truppenverlegung seit dem Golfkrieg: Drohung oder Vorbereitung f\u00fcr Angriff? &#8211; T-Online"},"content":{"rendered":"<ol>\n<li><a href=\"https:\/\/news.google.com\/rss\/articles\/CBMi7wFBVV95cUxOSUVGUGQxd1UtbDZ4Wk53WEZTanltU05PSFFGdnR0MVhsVGNzYUxZUG8xZmV0RWhWT0gzc1lMWExYWnhFUHdkZ3FLVUIyVVVBel9tT0tDYW5YNEJNUTFIYno2YWgwLVRtbWFpLTBVSlNhZVpSanhYMG1qeUpvSWxNZFE5RVZRdU5CV2x6MGJNRU5uU0hhcWhfcjl1bjRqM0JkVDhyZGFBMEoyZTVZNjU4M080MjFqZFhTVWRvaGxxMkRsd2pNTkI4eTItRGtjVWtnQWk2WVIxWHp3QzBtS2FCaFNaTGQzaG9kaFB4MHRUQQ?oc=5\" target=\"_blank\" rel=\"nofollow noopener\">Gr\u00f6\u00dfte US-Truppenverlegung seit dem Golfkrieg: Drohung oder Vorbereitung f\u00fcr Angriff?<\/a>&nbsp;&nbsp;T-Online<\/li>\n<li><a href=\"https:\/\/news.google.com\/rss\/articles\/CBMi6gFBVV95cUxOaXBYbzg2Ql9LT1NvYkt5SUI4MnEwRi0xSkZ6dnZXcG9IS0NVclhLZF9tUGs4TUJ1SVV6YnFQblVhQzlONmNBTWs0c1JFVUdGZmhNX2F4QUFlbzRCbWxzS1lyWEFvMmp6Y0x5Rm0tSUZfMU5Ed3lVWWxVU3ZvaTUyeG9YU0NUUmRQV21BTUVaQlpwVkZWa3U5Q3FfMS12eDlhaWlyZjV4MFQ3eURyM1M0eG8wbXZZQjlhcDFyX1ROVnNLcTQwZFN2dDdHQmxmTWp6QWJFdV9UMFNkUWVhREJNdXNrZWRaODd1RWc?oc=5\" target=\"_blank\" rel=\"nofollow noopener\">Drohung oder Vorbereitung f\u00fcr Angriff? Gr\u00f6\u00dfte US-Truppenverlegung seit dem Golfkrieg<\/a>&nbsp;&nbsp;T-Online<\/li>\n<li><a href=\"https:\/\/news.google.com\/rss\/articles\/CBMi0wFBVV95cUxOMzEwZFN3OXNDTXBvdEE5QURrU0hmbHU5blZVRGp1ajZ1OVdsb3VaSDhKYU41Mjd4YWVhQ2NmWlk4Z2xCenFrNUNqaFVvNGZRdUdMTFp2RkkxZ3JkdXlvVEQyYlRUTkgxQ28zRlIzbGhMZkZDZmRLWWVIZ1pJck9lcnlrLXNaNzlUSC1qQUNtaHlWOGxUdWFnbXVkblpSYlBZNmhiLWpvdUJzQ1BBUW44OXl6dnVVWTgzQTJHZlhPbDZZRFZwVWc2aUREcnNqZi1wd2Nz?oc=5\" target=\"_blank\" rel=\"nofollow noopener\">Reinicke zu Iran: Milit\u00e4rische Eskalation nicht ausgeschlossen<\/a>&nbsp;&nbsp;NDR.de<\/li>\n<li><a href=\"https:\/\/news.google.com\/rss\/articles\/CBMi9gFBVV95cUxPZm5nOV9UcklHMFVsbktnZDFqdVk5MEU2UWZYMzZfWWJsbUhjVGxTbGJfaHpUSjNnU0lkT1h4VGE4SDlCNTd6MWVScjBxX3dKbGRaVGNiTl85OUV1V2FMU2xtbS1Wemh3My1lOXNoVVZ6MFVxNXVqT0djOW1uclJTVW1rYUQ1N1pFNEhEeGY5S2hmbnRYLWZoeF9QVkFPcmt5Yl94QlBJd3ZFTTNqNUJIbzZKWDZicjJxS3lPalZ6eDlkN0M2MnBZUG0tS3FiNGlrNE52dXpKWUczcENqU0VXTk5Mb3kycUY4SXNUQk9DX2s4V1NrZkE?oc=5\" target=\"_blank\" rel=\"nofollow noopener\">USA r\u00fcsten in Nahost weiter auf: Iran will \u201erote Linien\u201c von Trump nicht akzeptieren<\/a>&nbsp;&nbsp;BILD<\/li>\n<li><a href=\"https:\/\/news.google.com\/rss\/articles\/CBMimwFBVV95cUxQRXJ2TW1HSU8ybThpWTZFeWh3c1NLQXZIZHo3OVExWXJpR3drTXJ5czJIMkpWbWY4ZDNJSmZXZ1p6REZZb2YyQ01IckFiRkhrd1U0cFRHcjBFbGEyZzZqd0NOZGtQRm9SVkZTVlRRbVg2MDZ0MFJDUjhzMU85YmhTZEg1TmowV3FFMi05NTRxZVBmbERwb0lVbm9zMA?oc=5\" target=\"_blank\" rel=\"nofollow noopener\">JD Vance: Iran akzeptiert Forderungen der USA nicht<\/a>&nbsp;&nbsp;J\u00fcdische Allgemeine<\/li>\n<\/ol>\n","protected":false},"excerpt":{"rendered":"Gr\u00f6\u00dfte US-Truppenverlegung seit dem Golfkrieg: Drohung oder Vorbereitung f\u00fcr Angriff?&nbsp;&nbsp;T-Online Drohung oder Vorbereitung f\u00fcr Angriff? Gr\u00f6\u00dfte US-Truppenverlegung seit&hellip;\n","protected":false},"author":2,"featured_media":807502,"comment_status":"","ping_status":"","sticky":false,"template":"","format":"standard","meta":{"footnotes":"","_share_on_mastodon":"0"},"categories":[5],"tags":[326,331,332,346,3364,29,106,1478,663,37303,30,13,345,448,120304,22814,33687,1480,14,15,12,110376,25939,64,26516],"class_list":["post-807501","post","type-post","status-publish","format-standard","has-post-thumbnail","category-nachrichten","tag-326","tag-aktuelle-nachrichten","tag-aktuelle-news","tag-atomprogramm","tag-de","tag-deutschland","tag-donald-trump","tag-drohne","tag-europa","tag-genf","tag-germany","tag-headlines","tag-iran","tag-j-d-vance","tag-jared-kushner","tag-jordanien","tag-kampfflugzeug","tag-luftwaffe","tag-nachrichten","tag-news","tag-schlagzeilen","tag-truppenverlegung","tag-us-luftwaffe","tag-usa","tag-virginia"],"share_on_mastodon":{"url":"https:\/\/pubeurope.com\/@de\/116092836584801673","error":""},"_links":{"self":[{"href":"https:\/\/www.europesays.com\/de\/wp-json\/wp\/v2\/posts\/807501","targetHints":{"allow":["GET"]}}],"collection":[{"href":"https:\/\/www.europesays.com\/de\/wp-json\/wp\/v2\/posts"}],"about":[{"href":"https:\/\/www.europesays.com\/de\/wp-json\/wp\/v2\/types\/post"}],"author":[{"embeddable":true,"href":"https:\/\/www.europesays.com\/de\/wp-json\/wp\/v2\/users\/2"}],"replies":[{"embeddable":true,"href":"https:\/\/www.europesays.com\/de\/wp-json\/wp\/v2\/comments?post=807501"}],"version-history":[{"count":0,"href":"https:\/\/www.europesays.com\/de\/wp-json\/wp\/v2\/posts\/807501\/revisions"}],"wp:featuredmedia":[{"embeddable":true,"href":"https:\/\/www.europesays.com\/de\/wp-json\/wp\/v2\/media\/807502"}],"wp:attachment":[{"href":"https:\/\/www.europesays.com\/de\/wp-json\/wp\/v2\/media?parent=807501"}],"wp:term":[{"taxonomy":"category","embeddable":true,"href":"https:\/\/www.europesays.com\/de\/wp-json\/wp\/v2\/categories?post=807501"},{"taxonomy":"post_tag","embeddable":true,"href":"https:\/\/www.europesays.com\/de\/wp-json\/wp\/v2\/tags?post=807501"}],"curies":[{"name":"wp","href":"https:\/\/api.w.org\/{rel}","templated":true}]}}