{"id":807612,"date":"2026-02-18T18:34:13","date_gmt":"2026-02-18T18:34:13","guid":{"rendered":"https:\/\/www.europesays.com\/de\/807612\/"},"modified":"2026-02-18T18:34:13","modified_gmt":"2026-02-18T18:34:13","slug":"werkzeug-aus-sieben-autos-gestohlen-ludwigshafen","status":"publish","type":"post","link":"https:\/\/www.europesays.com\/de\/807612\/","title":{"rendered":"Werkzeug aus sieben Autos gestohlen &#8211; Ludwigshafen"},"content":{"rendered":"<p><b\/>Unbekannte haben von Montagnachmittag bis Dienstagmorgen in <a class=\"rtr-entity\" data-rtr-entity=\"Ludwigshafen\" data-rtr-id=\"26b4406521e36b503c690e53e1b9dec3bdb26dfe\" data-rtr-score=\"41.589366515837106\" data-rtr-etype=\"location\" data-rtr-index=\"4\" href=\"https:\/\/www.rheinpfalz.de\/lokal\/ludwigshafen.html?utm_source=rheinpfalz.de&amp;utm_medium=tms&amp;utm_campaign=intext\" rel=\"nofollow noopener\" target=\"_blank\">Ludwigshafen<\/a> in den Stadtteilen <a class=\"rtr-entity\" data-rtr-entity=\"Rheing\u00f6nheim\" data-rtr-id=\"7176624403b1127012d36b8ee495c728e2b89f1c\" data-rtr-score=\"6.660067873303167\" data-rtr-etype=\"location\" data-rtr-index=\"6\" href=\"https:\/\/www.rheinpfalz.de\/themen\/ludwigshafen-rheingoenheim?utm_source=rheinpfalz.de&amp;utm_medium=tms&amp;utm_campaign=intext\" rel=\"nofollow noopener\" target=\"_blank\">Rheing\u00f6nheim<\/a>, Mundenheim, S\u00fcd und <a class=\"rtr-entity\" data-rtr-entity=\"Friesenheim\" data-rtr-id=\"2995a37ac3df05ef2ac4bdc08ec45cb996a9ab96\" data-rtr-score=\"6.371606334841629\" data-rtr-etype=\"location\" data-rtr-index=\"7\" href=\"https:\/\/www.rheinpfalz.de\/themen\/friesenheim?utm_source=rheinpfalz.de&amp;utm_medium=tms&amp;utm_campaign=intext\" rel=\"nofollow noopener\" target=\"_blank\">Friesenheim<\/a> sieben Fahrzeuge aufgebrochen. Laut Polizei schlugen die T\u00e4ter in der Kornackerstra\u00dfe, Trifelsstra\u00dfe und Karl-Rei\u00df-Stra\u00dfe an vier geparkten Transportern die Scheiben ein und stahlen Werkzeuge. In der Hauptstra\u00dfe und Limburgstra\u00dfe wurden die Scheiben eines Citroen Jumpy und einer Mercedes A-Klasse eingeschlagen, jedoch nichts entwendet. Am Schwanenthalerplatz brachen die T\u00e4ter auf unbekannte Weise einen VW Caddy auf und stahlen ebenfalls Werkzeuge. Der Gesamtschaden liegt bei \u00fcber 20.000 Euro. Ob ein Zusammenhang zwischen den Taten besteht, ist Gegenstand der Ermittlungen. Hinweise nimmt die Kriminalpolizei Ludwigshafen unter der Telefonnummer 0621 96323312 oder per E-Mail an KDLudwigshafen.KI3.K31@polizei.rlp.de entgegen. rhp<\/p>\n","protected":false},"excerpt":{"rendered":"Unbekannte haben von Montagnachmittag bis Dienstagmorgen in Ludwigshafen in den Stadtteilen Rheing\u00f6nheim, Mundenheim, S\u00fcd und Friesenheim sieben Fahrzeuge&hellip;\n","protected":false},"author":2,"featured_media":807613,"comment_status":"","ping_status":"","sticky":false,"template":"","format":"standard","meta":{"footnotes":"","_share_on_mastodon":"0"},"categories":[1845],"tags":[1634,3364,29,548,663,3934,38692,30,13,181707,4060,25476,2096,32072,14,15,121,44981,12,48437],"class_list":["post-807612","post","type-post","status-publish","format-standard","has-post-thumbnail","category-mannheim","tag-baden-wuerttemberg","tag-de","tag-deutschland","tag-eu","tag-europa","tag-europe","tag-friesenheim","tag-germany","tag-headlines","tag-karl-reissen-strasse","tag-lokal","tag-ludwigshafen","tag-mannheim","tag-mundenheim","tag-nachrichten","tag-news","tag-polizei","tag-rheingoenheim","tag-schlagzeilen","tag-werkzeug"],"share_on_mastodon":{"url":"https:\/\/pubeurope.com\/@de\/116093076430366347","error":""},"_links":{"self":[{"href":"https:\/\/www.europesays.com\/de\/wp-json\/wp\/v2\/posts\/807612","targetHints":{"allow":["GET"]}}],"collection":[{"href":"https:\/\/www.europesays.com\/de\/wp-json\/wp\/v2\/posts"}],"about":[{"href":"https:\/\/www.europesays.com\/de\/wp-json\/wp\/v2\/types\/post"}],"author":[{"embeddable":true,"href":"https:\/\/www.europesays.com\/de\/wp-json\/wp\/v2\/users\/2"}],"replies":[{"embeddable":true,"href":"https:\/\/www.europesays.com\/de\/wp-json\/wp\/v2\/comments?post=807612"}],"version-history":[{"count":0,"href":"https:\/\/www.europesays.com\/de\/wp-json\/wp\/v2\/posts\/807612\/revisions"}],"wp:featuredmedia":[{"embeddable":true,"href":"https:\/\/www.europesays.com\/de\/wp-json\/wp\/v2\/media\/807613"}],"wp:attachment":[{"href":"https:\/\/www.europesays.com\/de\/wp-json\/wp\/v2\/media?parent=807612"}],"wp:term":[{"taxonomy":"category","embeddable":true,"href":"https:\/\/www.europesays.com\/de\/wp-json\/wp\/v2\/categories?post=807612"},{"taxonomy":"post_tag","embeddable":true,"href":"https:\/\/www.europesays.com\/de\/wp-json\/wp\/v2\/tags?post=807612"}],"curies":[{"name":"wp","href":"https:\/\/api.w.org\/{rel}","templated":true}]}}