{"id":808346,"date":"2026-02-19T01:27:32","date_gmt":"2026-02-19T01:27:32","guid":{"rendered":"https:\/\/www.europesays.com\/de\/808346\/"},"modified":"2026-02-19T01:27:32","modified_gmt":"2026-02-19T01:27:32","slug":"taxifahrer-ueberwaeltigt-mann-mit-schreckschusswaffe","status":"publish","type":"post","link":"https:\/\/www.europesays.com\/de\/808346\/","title":{"rendered":"Taxifahrer \u00fcberw\u00e4ltigt Mann mit Schreckschusswaffe"},"content":{"rendered":"<p id=\"absatz1\" class=\"em_text\">Bielefeld (ots) &#8211; <br \/>SI \/ Bielefeld \/ Gellershagen &#8211; Am Dienstag, 17.02.2026, m\u00fcndete ein Streit im Stra\u00dfenverkehr in eine k\u00f6rperliche Auseinandersetzung, bei der einer der Kontrahenten den anderen mit einer PTB-Schreckschusswaffe bedrohte.<\/p>\n<p id=\"absatz2\" class=\"em_text\">Ein Taxifahrer und ein 70-j\u00e4hriger Bielefelder befuhren gegen 11:25 Uhr die Stra\u00dfe Schelpsheide in entgegengesetzter Richtung. An einer Engstelle standen sich das Taxi und der Opel gegen\u00fcber, sodass die Fahrer nicht mehr aneinander vorbeifahren konnten.<\/p>\n<p id=\"absatz4\" class=\"em_text\">Zun\u00e4chst gaben sich die M\u00e4nner \u00fcber die Seitenfenster zu verstehen, dass der jeweils andere zur\u00fccksetzen sollte. Dann stiegen beide Fahrer aus ihren Fahrzeugen.<\/p>\n<p id=\"absatz5\" class=\"em_text\">Der Taxifahrer berichtete den Beamten sp\u00e4ter, dass der 70-J\u00e4hrige nach dem Aussteigen unvermittelt eine Waffe zog und dem Taxifahrer drohte, auf ihn zu schie\u00dfen. Als der Bielefelder die Schreckschusswaffe wieder eingesteckt hatte, habe der Taxifahrer nach seinem Arm gegriffen, um ihm die Pistole abzunehmen. Nach einem kurzen Gerangel sei ihm dies auch gelungen.<\/p>\n<p id=\"absatz6\" class=\"em_text\">Der Opelfahrer entgegnete in der Befragung durch die Beamten, dass ihn der Taxifahrer nach einem Wortgefecht am Arm festgehalten und mehrmals geschubst habe. Um weitere k\u00f6rperliche Angriffe zu verhindern, habe er seine PTB-Waffe aus der Jackentasche gezogen und deutlich gemacht, dass er ihn in Ruhe lassen solle.<\/p>\n<p id=\"absatz7\" class=\"em_text\">Beim Eintreffen der Beamten hatten sich die M\u00e4nner bereits beruhigt und die Schreckschusswaffe befand sich im Taxi. Die Polizisten durchsuchten den 70-J\u00e4hrigen auf weitere gef\u00e4hrliche Gegenst\u00e4nde und stie\u00dfen dabei auf einen kleinen Waffenschein, den sie sogleich sicherstellten.<\/p>\n<p id=\"absatz8\" class=\"em_text\">Aufgrund der gegenseitigen Beschuldigungen erstatteten die Beamten Anzeige gegen den 70-J\u00e4hrigen wegen Bedrohung und gegen den Taxifahrer wegen K\u00f6rperverletzung.<\/p>\n<p id=\"absatz9\" class=\"em_text\">Quelle: <a href=\"https:\/\/www.presseportal.de\/blaulicht\/pm\/12522\/6219259\" rel=\"nofollow noopener\" target=\"_blank\">https:\/\/www.presseportal.de\/blaulicht\/pm\/12522\/6219259<\/a> <\/p>\n","protected":false},"excerpt":{"rendered":"Bielefeld (ots) &#8211; SI \/ Bielefeld \/ Gellershagen &#8211; Am Dienstag, 17.02.2026, m\u00fcndete ein Streit im Stra\u00dfenverkehr in&hellip;\n","protected":false},"author":2,"featured_media":215667,"comment_status":"","ping_status":"","sticky":false,"template":"","format":"standard","meta":{"footnotes":"","_share_on_mastodon":"0"},"categories":[1841],"tags":[118105,1605,3364,29,30,177,1209,176,121,170905,13809,20035,51863,10021],"class_list":["post-808346","post","type-post","status-publish","format-standard","has-post-thumbnail","category-bielefeld","tag-adam-opel","tag-bielefeld","tag-de","tag-deutschland","tag-germany","tag-kriminalitt","tag-nordrhein-westfalen","tag-nrw","tag-polizei","tag-schelpsheide","tag-schreckschusswaffe","tag-serie_polizeibericht","tag-straenverkehr","tag-taxi"],"share_on_mastodon":{"url":"https:\/\/pubeurope.com\/@de\/116094700470286521","error":""},"_links":{"self":[{"href":"https:\/\/www.europesays.com\/de\/wp-json\/wp\/v2\/posts\/808346","targetHints":{"allow":["GET"]}}],"collection":[{"href":"https:\/\/www.europesays.com\/de\/wp-json\/wp\/v2\/posts"}],"about":[{"href":"https:\/\/www.europesays.com\/de\/wp-json\/wp\/v2\/types\/post"}],"author":[{"embeddable":true,"href":"https:\/\/www.europesays.com\/de\/wp-json\/wp\/v2\/users\/2"}],"replies":[{"embeddable":true,"href":"https:\/\/www.europesays.com\/de\/wp-json\/wp\/v2\/comments?post=808346"}],"version-history":[{"count":0,"href":"https:\/\/www.europesays.com\/de\/wp-json\/wp\/v2\/posts\/808346\/revisions"}],"wp:featuredmedia":[{"embeddable":true,"href":"https:\/\/www.europesays.com\/de\/wp-json\/wp\/v2\/media\/215667"}],"wp:attachment":[{"href":"https:\/\/www.europesays.com\/de\/wp-json\/wp\/v2\/media?parent=808346"}],"wp:term":[{"taxonomy":"category","embeddable":true,"href":"https:\/\/www.europesays.com\/de\/wp-json\/wp\/v2\/categories?post=808346"},{"taxonomy":"post_tag","embeddable":true,"href":"https:\/\/www.europesays.com\/de\/wp-json\/wp\/v2\/tags?post=808346"}],"curies":[{"name":"wp","href":"https:\/\/api.w.org\/{rel}","templated":true}]}}