{"id":808411,"date":"2026-02-19T02:04:11","date_gmt":"2026-02-19T02:04:11","guid":{"rendered":"https:\/\/www.europesays.com\/de\/808411\/"},"modified":"2026-02-19T02:04:11","modified_gmt":"2026-02-19T02:04:11","slug":"welche-eulen-leben-in-stuttgart-bilder","status":"publish","type":"post","link":"https:\/\/www.europesays.com\/de\/808411\/","title":{"rendered":"Welche Eulen leben in Stuttgart? (Bilder)"},"content":{"rendered":"<p>Eulen sind in Stuttgart keine Seltenheit \u2013 vor allem der Waldkauz und die Waldohreule sind im Stadtgebiet und in Baden-W\u00fcrttemberg weit verbreitet. Ob in Parks, G\u00e4rten oder auf Friedh\u00f6fen: Die nachtaktiven <a href=\"https:\/\/www.stuttgarter-zeitung.de\/thema\/V%C3%B6gel\" title=\"V\u00f6gel\" class=\"art_thema\" rel=\"nofollow noopener\" target=\"_blank\">V\u00f6gel<\/a> haben sich erstaunlich gut an das Leben in und um die Stadt angepasst.<\/p>\n<p>Haben Eulen Ohren? <\/p>\n<p>Ja, Eulen haben Ohren. Diese liegen asymmetrisch und erm\u00f6glichen ihnen eine pr\u00e4zise Lokalisierung von Beute \u2013 auch in der Dunkelheit.<\/p>\n<p>Bauen Eulen Nester? <\/p>\n<p>Nein, Eulen bauen keine Nester. Sie nutzen H\u00f6hlen, alte Nester oder br\u00fcten am Boden. Die Eier sind wei\u00df und die Jungen schl\u00fcpfen asynchron.<\/p>\n<p>Der Waldkauz ist die h\u00e4ufigste <a href=\"https:\/\/www.stuttgarter-zeitung.de\/thema\/Eule\" title=\"Eule\" class=\"art_thema\" rel=\"nofollow noopener\" target=\"_blank\">Eule<\/a> in der Region <\/p>\n<p>Der Waldkauz ist die am h\u00e4ufigsten vorkommende Eule in der Region. Rund 8000 Brutpaare gibt es in Baden-W\u00fcrttemberg. Davon leben einige s\u00fcdlich von Stuttgart in Misch- und Laubw\u00e4ldern. In Stuttgart halten sie sich in Parks und auf Friedh\u00f6fen auf. Die V\u00f6gel werden etwa so gro\u00df wie eine Kr\u00e4he (zwischen 34 und 42 Zentimeter). Die Tiere erkennt man an ihrem runden Kopf, ihren gro\u00dfen, nah beieinanderliegenden Augen und dem hellen Gesichtsschleier, der dunkel umrahmt ist. Sie fliegen nahezu ger\u00e4uschlos, wenn sie sich auf die Jagd nach M\u00e4usen, V\u00f6geln oder W\u00fcrmern begeben. Der Bestand der Waldk\u00e4uze schwankt mit dem vorhandenen Nahrungsangebot. Sinkt der Bestand an M\u00e4usen, gibt es auch weniger Waldk\u00e4uze.<\/p>\n<p>Die Waldohreule lebt ebenfalls in Stuttgart <\/p>\n<p>Neben dem Waldkauz ist auch die Waldohreule recht h\u00e4ufig in Stuttgart vertreten. Auch in Deutschland ist sie die zweith\u00e4ufigste Eule mit einem Bestand zwischen 25.000 und 41.000 Paaren. In Stuttgart besiedeln die Waldohreulen Parks, G\u00e4rten und andere Fl\u00e4chen, die einen reichen W\u00fchlmausbestand haben. Die Waldohreule erkennt man an ihren auff\u00e4lligen Federohren, die sie aufstellen oder am Kopf anlegen kann. Ihr K\u00f6rper ist schlank und ihre Augen haben eine gelbe bis orange Farbe. Das obere Gefieder ist beige-braun marmoriert, w\u00e4hrend die unteren Federn heller sind und dunkle L\u00e4ngsstriche aufweisen. Fun Fact: Die \u201eOhren\u201c der Waldohreule nutzt das Tier nicht zum H\u00f6ren. Die eigentlichen Ohren der Eule liegen seitlich an ihrem Kopf, gut verdeckt vom dichten Gefieder.<\/p>\n<p>Sehr viel seltener kommen weitere Eulenarten in Stuttgart und Baden-W\u00fcrttemberg vor:<\/p>\n<p>Der Uhu: die gr\u00f6\u00dfte europ\u00e4ische Eule <\/p>\n<p>Die gr\u00f6\u00dfte europ\u00e4ische Eule, der Uhu, wurde in den 1930er Jahren nahezu ausgerottet. Mittlerweile hat sich der Bestand erholt auf knapp 400 Paare in Baden-W\u00fcrttemberg. Nur dank des Naturschutzes ist der Uhu heute heimisch. Der kr\u00e4ftige Uhu wird zwischen 60 und 75 Zentimeter gro\u00df, hat einen breiten Kopf mit schmalen Federohren. Die Augen sind leuchtend orangegelb. Das Federkleid des Uhus ist rostbraun. Oben ist es gefleckt, unten ist es heller. Sein breites Nahrungsspektrum setzt sich aus kleinen S\u00e4ugetieren wie Igeln, Ratten, Kaninchen oder Hasen, sowie V\u00f6geln wie Kr\u00e4hen, Tauben oder Greifv\u00f6geln zusammen.<\/p>\n<p> Die geheimnisvolle Schleiereule <\/p>\n<p>Die Schleiereule wird bis zu 39 Zentimeter gro\u00df, ist schlank gebaut und hat lange Beine. Ihr Gesichtsschleier ist herzf\u00f6rmig und wei\u00df bis cremefarben. Ihr Gefieder ist oben gelblich bis graubraun und gesprenkelt. Sie lebt in D\u00f6rfern und an Stadtr\u00e4ndern, br\u00fctet in Scheunen, in Kircht\u00fcrmen, auf Dachb\u00f6den oder in Nistk\u00e4sten. Nachts geht sie auf die Jagd \u00fcber Wiesen und Feldern. Sie fliegt fast lautlos und findet ihre Beute in v\u00f6lliger Dunkelheit \u00fcber das Geh\u00f6r.<\/p>\n","protected":false},"excerpt":{"rendered":"Eulen sind in Stuttgart keine Seltenheit \u2013 vor allem der Waldkauz und die Waldohreule sind im Stadtgebiet und&hellip;\n","protected":false},"author":2,"featured_media":808412,"comment_status":"","ping_status":"","sticky":false,"template":"","format":"standard","meta":{"footnotes":"","_share_on_mastodon":"0"},"categories":[1830],"tags":[3386,1634,3364,29,30486,598,30,17444,6237,9517,1441,169371,28445],"class_list":["post-808411","post","type-post","status-publish","format-standard","has-post-thumbnail","category-stuttgart","tag-advertorial","tag-baden-wuerttemberg","tag-de","tag-deutschland","tag-eule","tag-garten","tag-germany","tag-nacht","tag-natur","tag-seo_cm","tag-stuttgart","tag-themenwelt_gartenideen","tag-voegel"],"share_on_mastodon":{"url":"https:\/\/pubeurope.com\/@de\/116094846062012381","error":""},"_links":{"self":[{"href":"https:\/\/www.europesays.com\/de\/wp-json\/wp\/v2\/posts\/808411","targetHints":{"allow":["GET"]}}],"collection":[{"href":"https:\/\/www.europesays.com\/de\/wp-json\/wp\/v2\/posts"}],"about":[{"href":"https:\/\/www.europesays.com\/de\/wp-json\/wp\/v2\/types\/post"}],"author":[{"embeddable":true,"href":"https:\/\/www.europesays.com\/de\/wp-json\/wp\/v2\/users\/2"}],"replies":[{"embeddable":true,"href":"https:\/\/www.europesays.com\/de\/wp-json\/wp\/v2\/comments?post=808411"}],"version-history":[{"count":0,"href":"https:\/\/www.europesays.com\/de\/wp-json\/wp\/v2\/posts\/808411\/revisions"}],"wp:featuredmedia":[{"embeddable":true,"href":"https:\/\/www.europesays.com\/de\/wp-json\/wp\/v2\/media\/808412"}],"wp:attachment":[{"href":"https:\/\/www.europesays.com\/de\/wp-json\/wp\/v2\/media?parent=808411"}],"wp:term":[{"taxonomy":"category","embeddable":true,"href":"https:\/\/www.europesays.com\/de\/wp-json\/wp\/v2\/categories?post=808411"},{"taxonomy":"post_tag","embeddable":true,"href":"https:\/\/www.europesays.com\/de\/wp-json\/wp\/v2\/tags?post=808411"}],"curies":[{"name":"wp","href":"https:\/\/api.w.org\/{rel}","templated":true}]}}