{"id":808530,"date":"2026-02-19T03:09:12","date_gmt":"2026-02-19T03:09:12","guid":{"rendered":"https:\/\/www.europesays.com\/de\/808530\/"},"modified":"2026-02-19T03:09:12","modified_gmt":"2026-02-19T03:09:12","slug":"alle-infos-zur-auswaertsfahrt-an-den-niederrhein","status":"publish","type":"post","link":"https:\/\/www.europesays.com\/de\/808530\/","title":{"rendered":"Alle Infos zur Ausw\u00e4rtsfahrt an den Niederrhein"},"content":{"rendered":"<p class=\"mb-6 text-xs md:text-m lg:text-l font-serif group-[.font-sans]:font-sans \">\n    Nach der Punkteteilung mit dem <a href=\"https:\/\/www.mainpost.de\/schweinfurt\/sport\/3-erkenntnisse-aus-dem-1-1-des-fc-schweinfurt-05-gegen-ingolstadt-113277902\" target=\"_self\" class=\"underline \" rel=\"nofollow noopener\">FC Ingolstadt<\/a> geht es f\u00fcr den <a href=\"https:\/\/www.mainpost.de\/organisationen\/mp-fc-05-schweinfurt\" rel=\"nofollow noopener\" target=\"_blank\" class=\"underline \">FC Schweinfurt 05<\/a> am kommenden Samstag gegen die Zebras vom MSV Duisburg. Bei einem der vielen gro\u00dfen Traditionsvereine in Liga 3 fehlt auf Schweinfurter Seite erstmals Victor Kleinhenz in seiner Rolle als Cheftrainer. An seiner Stelle wird <a href=\"https:\/\/www.mainpost.de\/schweinfurt\/sport\/fussball-3-liga-am-aschermittwoch-ist-alles-vorbei-der-fc-05-entlaesst-trainer-victor-kleinhenz-und-nicht-nur-den-113523744\" target=\"_self\" class=\"underline \" rel=\"nofollow noopener\">Jermaine Jones auf der Bank<\/a> Platz nehmen. Umso wichtiger d\u00fcrfte in Duisburg die Unterst\u00fctzung einiger mitgereister Fans sein. Alle Infos zur Ausw\u00e4rtsfahrt.\n  <\/p>\n<ul data-module-id=\"DragDropModule\" class=\"flex flex-wrap justify-start group-[.no-bookmarks]:hidden\">\n<li class=\"mb-3 mr-3\">\n    Julian Bandorf<\/p>\n<p>      Icon Haken im Kreis gesetzt<\/p>\n<p>      Icon Plus im Kreis<\/p>\n<\/li>\n<li class=\"mb-3 mr-3\">\n    97421 Schweinfurt<\/p>\n<p>      Icon Haken im Kreis gesetzt<\/p>\n<p>      Icon Plus im Kreis<\/p>\n<\/li>\n<li class=\"mb-3 mr-3\">\n    MSV Duisburg<\/p>\n<p>      Icon Haken im Kreis gesetzt<\/p>\n<p>      Icon Plus im Kreis<\/p>\n<\/li>\n<\/ul>\n","protected":false},"excerpt":{"rendered":"Nach der Punkteteilung mit dem FC Ingolstadt geht es f\u00fcr den FC Schweinfurt 05 am kommenden Samstag gegen&hellip;\n","protected":false},"author":2,"featured_media":808531,"comment_status":"","ping_status":"","sticky":false,"template":"","format":"standard","meta":{"footnotes":"","_share_on_mastodon":"0"},"categories":[1838],"tags":[90663,103366,3364,29,996,3715,34221,30,3721,3716,1209,7702,112057,15205],"class_list":["post-808530","post","type-post","status-publish","format-standard","has-post-thumbnail","category-duisburg","tag-a-3","tag-auswaertsfahrt","tag-de","tag-deutschland","tag-dritte-liga","tag-duisburg","tag-fc-schweinfurt-05","tag-germany","tag-msv-duisburg","tag-niederrhein","tag-nordrhein-westfalen","tag-schweinfurt","tag-victor-kleinhenz","tag-wuerzburg"],"share_on_mastodon":{"url":"https:\/\/pubeurope.com\/@de\/116095101511586192","error":""},"_links":{"self":[{"href":"https:\/\/www.europesays.com\/de\/wp-json\/wp\/v2\/posts\/808530","targetHints":{"allow":["GET"]}}],"collection":[{"href":"https:\/\/www.europesays.com\/de\/wp-json\/wp\/v2\/posts"}],"about":[{"href":"https:\/\/www.europesays.com\/de\/wp-json\/wp\/v2\/types\/post"}],"author":[{"embeddable":true,"href":"https:\/\/www.europesays.com\/de\/wp-json\/wp\/v2\/users\/2"}],"replies":[{"embeddable":true,"href":"https:\/\/www.europesays.com\/de\/wp-json\/wp\/v2\/comments?post=808530"}],"version-history":[{"count":0,"href":"https:\/\/www.europesays.com\/de\/wp-json\/wp\/v2\/posts\/808530\/revisions"}],"wp:featuredmedia":[{"embeddable":true,"href":"https:\/\/www.europesays.com\/de\/wp-json\/wp\/v2\/media\/808531"}],"wp:attachment":[{"href":"https:\/\/www.europesays.com\/de\/wp-json\/wp\/v2\/media?parent=808530"}],"wp:term":[{"taxonomy":"category","embeddable":true,"href":"https:\/\/www.europesays.com\/de\/wp-json\/wp\/v2\/categories?post=808530"},{"taxonomy":"post_tag","embeddable":true,"href":"https:\/\/www.europesays.com\/de\/wp-json\/wp\/v2\/tags?post=808530"}],"curies":[{"name":"wp","href":"https:\/\/api.w.org\/{rel}","templated":true}]}}