{"id":808613,"date":"2026-02-19T03:56:23","date_gmt":"2026-02-19T03:56:23","guid":{"rendered":"https:\/\/www.europesays.com\/de\/808613\/"},"modified":"2026-02-19T03:56:23","modified_gmt":"2026-02-19T03:56:23","slug":"die-gueldne-sonne-paul-gerhardt-chorprojekt-2026","status":"publish","type":"post","link":"https:\/\/www.europesays.com\/de\/808613\/","title":{"rendered":"\u201eDie g\u00fcldne Sonne\u201c &#8211; Paul-Gerhardt-Chorprojekt 2026"},"content":{"rendered":"<p>\t\t\t\t<a href=\"https:\/\/www.hallelife.de\/wp-content\/uploads\/2026\/02\/die-gueldne-sonne-14-5.jpg\" rel=\"nofollow noopener\" target=\"_blank\"><br \/>\n\t\t\t<img alt=\"\u201eDie g\u00fcldne Sonne\u201c \u2013 Paul-Gerhardt-Chorprojekt 2026\" src=\"https:\/\/www.europesays.com\/de\/wp-content\/uploads\/2026\/02\/die-gueldne-sonne-14-5-1440x564_c.jpg\" decoding=\"async\" class=\"lazyload\" data-eio-rwidth=\"1440\" data-eio-rheight=\"564\"\/>\t\t<\/a><\/p>\n<p>\n\t\t\tCoverentwurf 2026 \u2013 \u00a9 Kammerchor TonArt e.V.\t\t<\/p>\n<p>\t\t\t\t&#13;<br \/>\n\t\t\t\t\t\t\t&#13;<br \/>\n\t\t\t\t\tvon <a href=\"https:\/\/www.hallelife.de\/author\/hallelifeme-com\/\" title=\"Beitr\u00e4ge von hallelife.de - Redaktion\" rel=\"author nofollow noopener\" target=\"_blank\">hallelife.de &#8211; Redaktion<\/a>\t\t\t\t&#13;<br \/>\n\t\t\t\t\t\t\t\t\t\t<a href=\"https:\/\/www.hallelife.de\/2026\/02\/\" rel=\"nofollow noopener\" target=\"_blank\">18. Februar 2026<\/a>&#13;<\/p>\n<p class=\"caps\"><strong>\u201eDie g\u00fcldne Sonne\u201c \u2013 Einladung zum Paul-Gerhardt-Chorprojekt 2026 f\u00fcr Halle und die Region<\/strong><\/p>\n<p>\u00a0<\/p>\n<p>Im Jahr 2026 j\u00e4hrt sich der Todestag des Kirchenlieddichters und Theologen Paul Gerhardt zum 350. Mal. Das ist f\u00fcr die \u201eedition hallesche chormusiken\u201c Anlass, sich mit dem Werk Paul Gerhardts und seinen besonderen halleschen Bez\u00fcgen musikalisch zu besch\u00e4ftigen. Im Zentrum stehen daher Lieder &amp; Chor\u00e4le aus dem historischen <strong>Freylinghausenschen Gesangbuch<\/strong>, das Gerhardts Texte in einem oftmals neuen musikalischen Gewand zeigt.<\/p>\n<p><strong>Historisches Erbe trifft moderne Medien<\/strong><\/p>\n<p>Gemeinsam mit Partnern wie den Franckeschen Stiftungen, dem Evangelischen Kirchenkreis Halle-Saalkreis, der Stadt Halle und im Rahmen des Themenjahres 2026 \u201eStadt.Licht.Leben.Energie\u201c entsteht ein Programm, das Tradition und Innovation verbindet. \u201eWir wollen die zeitlosen Lieder Paul Gerhardts nicht nur auff\u00fchren, sondern dar\u00fcber hinaus erlebbar machen\u201c, erkl\u00e4rt Lukas Zehle, k\u00fcnstlerischer Koordinator des Projekts. \u201eZusammen mit Kantoreien, Ch\u00f6ren, Ensembles und interessierten S\u00e4ngerinnen und S\u00e4ngern aus Halle und der Region entsteht ein emotionales und erlebnisreiches Musikprojekt: Vom Workshop \u00fcber Auftritte und eine CD-Produktion bis hin zum 360\u00b0-Film begleiten uns die Werke Paul Gerhardts durch das Jubil\u00e4umsjahr.\u201c<\/p>\n<p>\u00a0<\/p>\n<p><a href=\"https:\/\/www.europesays.com\/de\/wp-content\/uploads\/2026\/02\/Projektchor_2025.jpg\"><img loading=\"lazy\" decoding=\"async\" aria-describedby=\"caption-attachment-238550\" class=\"wp-image-238550 size-full lazyload\" alt=\"\" width=\"1300\" height=\"737\" src=\"https:\/\/www.europesays.com\/de\/wp-content\/uploads\/2026\/02\/Projektchor_2025.jpg\"  data- data-eio-rwidth=\"1300\" data-eio-rheight=\"737\"\/><\/a><\/p>\n<p id=\"caption-attachment-238550\" class=\"wp-caption-text\">Projektchor 2025 bei Aufnahmen<\/p>\n<p><strong>So k\u00f6nnen Kantoreien, Ch\u00f6re, Ensembles und S\u00e4nger mitwirken<\/strong><\/p>\n<p>Das Projekt bietet maximale Flexibilit\u00e4t: Teilnehmende Ensembles w\u00e4hlen aus historischen Fassungen des Freylinghausenschen Gesangbuches sowie eigenen Wunschst\u00fccken zu Paul-Gerhardt-Texten. Auch f\u00fcr Einzelpersonen gibt es eine B\u00fchne: Sie k\u00f6nnen sich dem <strong>Halle \u201eAll-Stars\u201c Projektchor<\/strong> anschlie\u00dfen.<\/p>\n<p>\u00a0<\/p>\n<p><strong>Der Projektfahrplan 2026:<\/strong><\/p>\n<ul>\n<li><strong>09. Mai:<\/strong> Auftakt-Workshop zu den Werken Paul Gerhardts.<\/li>\n<li><strong>Juni &amp; August:<\/strong> Live-Auftritte in Halle.<\/li>\n<li><strong>11.\u201313. September:<\/strong> Das Highlight \u2013 Professionelle Ton- und Videoaufnahmen.<\/li>\n<li><strong>27. November:<\/strong> \u00d6ffentliches Release-Event des Albums und der Filmdokumentation.<\/li>\n<\/ul>\n<p><strong>Jetzt anmelden \u2013 Begrenzte Pl\u00e4tze f\u00fcr Aufnahmen<\/strong><\/p>\n<p>\u00a0<\/p>\n<p>Da die Kapazit\u00e4ten f\u00fcr die aufw\u00e4ndigen Studioaufnahmen begrenzt sind, empfiehlt das Projektteam eine zeitnahe Anmeldung.<\/p>\n<p>Interessierte Ch\u00f6re und S\u00e4nger:innen finden alle Details unter: <a href=\"https:\/\/www.hallelife.de\/nachrichten\/musik-film\/die-gueldne-sonne-paul-gerhardt-chorprojekt-2026\/imap:\/\/majetic%40hallelife.de@dedi7221.your-server.de:993\/fetch%3EUID%3E.INBOX%3E22434\" rel=\"nofollow noopener\" target=\"_blank\">www.chormusik-in-halle.de\/edition\/die-gueldne-sonne<\/a><\/p>\n<p>\u00a0<\/p>\n<p><strong>Web &amp; Social Media:<\/strong><\/p>\n<p><a href=\"https:\/\/chormusik-in-halle.de\/edition\/die-gueldne-sonne\/\" rel=\"nofollow noopener\" target=\"_blank\">https:\/\/chormusik-in-halle.de\/edition\/die-gueldne-sonne\/<\/a><\/p>\n<p><a href=\"https:\/\/www.youtube.com\/@editionhalleschechormusiken\" rel=\"nofollow noopener\" target=\"_blank\">https:\/\/www.youtube.com\/@editionhalleschechormusiken<\/a><\/p>\n<p><a href=\"https:\/\/www.instagram.com\/editionhalleschechormusiken\/\" rel=\"nofollow noopener\" target=\"_blank\">https:\/\/www.instagram.com\/editionhalleschechormusiken\/<\/a><\/p>\n<p><a href=\"https:\/\/www.facebook.com\/editionhalleschechormusiken\" rel=\"nofollow noopener\" target=\"_blank\">https:\/\/www.facebook.com\/editionhalleschechormusiken<\/a><\/p>\n<p><a href=\"https:\/\/www.kammerchor-tonart.de\/cd-bestellung\" rel=\"nofollow noopener\" target=\"_blank\">https:\/\/www.kammerchor-tonart.de\/cd-bestellung<\/a><\/p>\n<p>\t<script async src=\"\/\/www.instagram.com\/embed.js\"><\/script><\/p>\n","protected":false},"excerpt":{"rendered":"Coverentwurf 2026 \u2013 \u00a9 Kammerchor TonArt e.V. &#13; &#13; von hallelife.de &#8211; Redaktion &#13; 18. Februar 2026&#13; \u201eDie&hellip;\n","protected":false},"author":2,"featured_media":808614,"comment_status":"","ping_status":"","sticky":false,"template":"","format":"standard","meta":{"footnotes":"","_share_on_mastodon":"0"},"categories":[1860],"tags":[19701,34837,3364,29,548,663,3934,30,4062,17332,13,14,15,17331,860,12],"class_list":["post-808613","post","type-post","status-publish","format-standard","has-post-thumbnail","category-halle-saale","tag-chor","tag-chormusik","tag-de","tag-deutschland","tag-eu","tag-europa","tag-europe","tag-germany","tag-halle","tag-halle-saale","tag-headlines","tag-nachrichten","tag-news","tag-saale","tag-sachsen-anhalt","tag-schlagzeilen"],"share_on_mastodon":{"url":"https:\/\/pubeurope.com\/@de\/116095286522795274","error":""},"_links":{"self":[{"href":"https:\/\/www.europesays.com\/de\/wp-json\/wp\/v2\/posts\/808613","targetHints":{"allow":["GET"]}}],"collection":[{"href":"https:\/\/www.europesays.com\/de\/wp-json\/wp\/v2\/posts"}],"about":[{"href":"https:\/\/www.europesays.com\/de\/wp-json\/wp\/v2\/types\/post"}],"author":[{"embeddable":true,"href":"https:\/\/www.europesays.com\/de\/wp-json\/wp\/v2\/users\/2"}],"replies":[{"embeddable":true,"href":"https:\/\/www.europesays.com\/de\/wp-json\/wp\/v2\/comments?post=808613"}],"version-history":[{"count":0,"href":"https:\/\/www.europesays.com\/de\/wp-json\/wp\/v2\/posts\/808613\/revisions"}],"wp:featuredmedia":[{"embeddable":true,"href":"https:\/\/www.europesays.com\/de\/wp-json\/wp\/v2\/media\/808614"}],"wp:attachment":[{"href":"https:\/\/www.europesays.com\/de\/wp-json\/wp\/v2\/media?parent=808613"}],"wp:term":[{"taxonomy":"category","embeddable":true,"href":"https:\/\/www.europesays.com\/de\/wp-json\/wp\/v2\/categories?post=808613"},{"taxonomy":"post_tag","embeddable":true,"href":"https:\/\/www.europesays.com\/de\/wp-json\/wp\/v2\/tags?post=808613"}],"curies":[{"name":"wp","href":"https:\/\/api.w.org\/{rel}","templated":true}]}}