{"id":808978,"date":"2026-02-19T07:32:12","date_gmt":"2026-02-19T07:32:12","guid":{"rendered":"https:\/\/www.europesays.com\/de\/808978\/"},"modified":"2026-02-19T07:32:12","modified_gmt":"2026-02-19T07:32:12","slug":"stoerung-legt-bahnverkehr-in-nrw-lahm-ausfaelle-drohen","status":"publish","type":"post","link":"https:\/\/www.europesays.com\/de\/808978\/","title":{"rendered":"St\u00f6rung legt Bahnverkehr in NRW lahm \u2013 Ausf\u00e4lle drohen"},"content":{"rendered":"<p>Ausf\u00e4lle und Versp\u00e4tungen drohen <\/p>\n<p>Sch\u00e4den bei D\u00fcsseldorf: Bahnverkehr im Rheinland gest\u00f6rt<\/p>\n<p>19.02.2026 &#8211; 07:57 UhrLesedauer: 2 Min.<\/p>\n<p><a href=\"#focus-0\" class=\"transition-colors duration-200 block text-current relative\" data-sctrack=\"FocusGalleryImage.Reference\"><img fetchpriority=\"high\" data-testid=\"Opener.Image\" style=\"--lqipURL:url('https:\/\/images.t-online.de\/2026\/02\/2f0WZ4GXkybC\/203x669:3134x1763\/fit-in\/150x0\/filters:blur(25)\/ein-regionalexpress-haelt-an-einem-gleis-archivbild-durch-eine-grossstoerung-bei-duesseldorf-drohen-im-berufsverkehr-am-donnerstag-ausfaelle-und-verspaetungen.jpg')\"   loading=\"eager\" src=\"https:\/\/www.europesays.com\/de\/wp-content\/uploads\/2026\/02\/ein-regionalexpress-haelt-an-einem-gleis-archivbild-durch-eine-grossstoerung-bei-duesseldorf-drohen-.jpeg\" alt=\"Ein Regionalexpress h\u00e4lt an einem Gleis (Archivbild): Durch eine Gro\u00dfst\u00f6rung bei D\u00fcsseldorf drohen im Berufsverkehr am Donnerstag Ausf\u00e4lle und Versp\u00e4tungen.\" title=\"Ein Regionalexpress h\u00e4lt an einem Gleis (Archivbild): Durch eine Gro\u00dfst\u00f6rung bei D\u00fcsseldorf drohen im Berufsverkehr am Donnerstag Ausf\u00e4lle und Versp\u00e4tungen.\" width=\"3134\" height=\"1763\" class=\"bg-[url:var(--lqipURL)] bg-cover bg-center flex h-full w-full max-w-full\" decoding=\"async\"\/><img style=\"--width:32;--height:32\" loading=\"lazy\" src=\"https:\/\/duesseldorf.t-online.de\/s\/paper\/_next\/static\/media\/zoom-in.f7dae02f.svg\" alt=\"Vergr\u00f6\u00dfern des Bildes\" title=\"Vergr\u00f6\u00dfern des Bildes\" class=\"block h-[calc(var(--height)_\/_16_*_1rem)] w-[calc(var(--width)_\/_16_*_1rem)] max-w-none absolute bottom-8 right-8 rounded-4 bg-snow p-8\" decoding=\"async\"\/><\/a><\/p>\n<p>Ein Regionalexpress h\u00e4lt an einem Gleis (Archivbild): Durch eine Gro\u00dfst\u00f6rung bei D\u00fcsseldorf drohen im Berufsverkehr am Donnerstag Ausf\u00e4lle und Versp\u00e4tungen. (Quelle: IMAGO\/R\u00fcdiger W\u00f6lk)<\/p>\n<p class=\"font-bold text-18 leading-17 user-text-lg:text-22 user-text-xl:text-24\">Ein Oberleitungsschaden f\u00fchrt am Donnerstagmorgen zu erheblichen Problemen auf mehreren Linien der Deutschen Bahn und National Express in NRW.<\/p>\n<p class=\"text-18 leading-17 user-text-lg:text-22 user-text-xl:text-24\">Eine defekte Oberleitung beeintr\u00e4chtigt derzeit den Bahnverkehr im Gro\u00dfraum D\u00fcsseldorf und in Teilen von Nordrhein-Westfalen. Seit den fr\u00fchen Morgenstunden ist ein Streckenabschnitt wegen eines Oberleitungsschadens nicht befahrbar. Dadurch komme es auf mehreren Linien zu Versp\u00e4tungen, Teilausf\u00e4llen und Ausf\u00e4llen auf dem kompletten Laufweg, teilte <a class=\"transition-colors duration-200 cursor-pointer text-inherit no-underline text-salemsfur md:hover:text-magenta md:hover:border-magenta md:focus:text-magenta border-current border-b border-solid break-words\" href=\"https:\/\/koeln.t-online.de\/region\/koeln\/id_101119004\/koeln-bahnstrecke-ueber-wuppertal-bis-hagen-fuer-monate-komplett-dicht.html\" data-sctrack=\"BodyAnchor\" rel=\"nofollow noopener\" target=\"_blank\">die Deutsche Bahn<\/a> \u00fcber das Portal &#8222;zuginfo.nrw&#8220; mit.<\/p>\n<p class=\"text-18 leading-17 user-text-lg:text-22 user-text-xl:text-24\">Betroffen sind unter anderem die Linien RE4, RE6, RE10, RE13 und RB39, sowie die S-Bahn-Linien S1, S6, S8 und S11. Fahrg\u00e4ste sollten vor allem im Berufsverkehr mit teils st\u00e4rkeren Einschr\u00e4nkungen rechnen und ihre Verbindung vor der Abfahrt pr\u00fcfen. Die Deutsche Bahn rechnet damit, dass der Schaden erst gegen 12 Uhr in den Mittagsstunden behoben werden kann.<\/p>\n<p class=\"text-18 leading-17 user-text-lg:text-22 user-text-xl:text-24\">F\u00fcr die Z\u00fcge der Linien RE4, S1, S6, S8 und S11 gibt es derzeit keine Ersatzkonzepte, die f\u00fcr die gesamte Dauer der St\u00f6rung gelten, teilte die Deutsche Bahn weiter mit. Sie bittet Fahrg\u00e4ste, vermehrt vor Ort auf Anzeigen zu achten oder den Zuglauf in der Onlinereiseauskunft oder der App &#8222;DB Navigator&#8220; zu pr\u00fcfen.<\/p>\n<p class=\"text-18 leading-17 user-text-lg:text-22 user-text-xl:text-24\">Die Ursache f\u00fcr den Oberleitungsschaden ist noch unklar. Vor allem die Ausf\u00e4lle auf den Linien S6 und RE6 d\u00fcrften Pendler zwischen K\u00f6ln und D\u00fcsseldorf hart treffen. Sie gilt als eine der wichtigsten Strecken, vor allem im Berufsverkehr.<\/p>\n","protected":false},"excerpt":{"rendered":"Ausf\u00e4lle und Versp\u00e4tungen drohen Sch\u00e4den bei D\u00fcsseldorf: Bahnverkehr im Rheinland gest\u00f6rt 19.02.2026 &#8211; 07:57 UhrLesedauer: 2 Min. Ein&hellip;\n","protected":false},"author":2,"featured_media":808979,"comment_status":"","ping_status":"","sticky":false,"template":"","format":"standard","meta":{"footnotes":"","_share_on_mastodon":"0"},"categories":[1831],"tags":[116926,1325,2227,22621,1741,3364,2030,29,3405,13049,30,11468,1420,18266,10430,1209,2228,5736,4664,2802,2898],"class_list":["post-808978","post","type-post","status-publish","format-standard","has-post-thumbnail","category-duesseldorf","tag-116926","tag-ausfall","tag-bahnverkehr","tag-berufsverkehr","tag-bonn","tag-de","tag-deutsche-bahn","tag-deutschland","tag-duesseldorf","tag-duesseldorf-hauptbahnhof","tag-germany","tag-grossstoerung","tag-koeln","tag-koeln-hauptbahnhof","tag-neuss","tag-nordrhein-westfalen","tag-oberleitung","tag-oberleitungsschaden","tag-regionalexpress","tag-rheinland","tag-verspaetung"],"share_on_mastodon":{"url":"https:\/\/pubeurope.com\/@de\/116096135723074327","error":""},"_links":{"self":[{"href":"https:\/\/www.europesays.com\/de\/wp-json\/wp\/v2\/posts\/808978","targetHints":{"allow":["GET"]}}],"collection":[{"href":"https:\/\/www.europesays.com\/de\/wp-json\/wp\/v2\/posts"}],"about":[{"href":"https:\/\/www.europesays.com\/de\/wp-json\/wp\/v2\/types\/post"}],"author":[{"embeddable":true,"href":"https:\/\/www.europesays.com\/de\/wp-json\/wp\/v2\/users\/2"}],"replies":[{"embeddable":true,"href":"https:\/\/www.europesays.com\/de\/wp-json\/wp\/v2\/comments?post=808978"}],"version-history":[{"count":0,"href":"https:\/\/www.europesays.com\/de\/wp-json\/wp\/v2\/posts\/808978\/revisions"}],"wp:featuredmedia":[{"embeddable":true,"href":"https:\/\/www.europesays.com\/de\/wp-json\/wp\/v2\/media\/808979"}],"wp:attachment":[{"href":"https:\/\/www.europesays.com\/de\/wp-json\/wp\/v2\/media?parent=808978"}],"wp:term":[{"taxonomy":"category","embeddable":true,"href":"https:\/\/www.europesays.com\/de\/wp-json\/wp\/v2\/categories?post=808978"},{"taxonomy":"post_tag","embeddable":true,"href":"https:\/\/www.europesays.com\/de\/wp-json\/wp\/v2\/tags?post=808978"}],"curies":[{"name":"wp","href":"https:\/\/api.w.org\/{rel}","templated":true}]}}