{"id":809119,"date":"2026-02-19T08:54:16","date_gmt":"2026-02-19T08:54:16","guid":{"rendered":"https:\/\/www.europesays.com\/de\/809119\/"},"modified":"2026-02-19T08:54:16","modified_gmt":"2026-02-19T08:54:16","slug":"projekt-tu-lob-sensibilisierungsworkshop-fuer-tutorinnen","status":"publish","type":"post","link":"https:\/\/www.europesays.com\/de\/809119\/","title":{"rendered":"Projekt Tu-LoB: Sensibilisierungsworkshop f\u00fcr Tutor*innen"},"content":{"rendered":"<p>\n                                    Im Rahmen des Projekts \u201eTutor*innen als Lots*innen zur Beratung f\u00fcr Studierende mit Behinderungen und chronischen Erkrankungen\u201c (Tu-LoB)  lernen Teilnehmende, Problemlagen fr\u00fchzeitig zu erkennen und auf entsprechende Beratungsangebote zu verweisen. Ziel des Projekts ist es, Studierende niedrigschwellig \u00fcber Angebote zu informieren, damit sie bei Bedarf Kontakt zu den Beratungsstellen aufnehmen. Veranstaltet werden die Workshops vom Bereich Behinderung und Studium (DoBuS).\n                                <\/p>\n<p class=\"text-justify\">Bei Bedarf rechtzeitig Beratungs- und Unterst\u00fctzungsangebote wahrzunehmen, ist f\u00fcr Studierende mit studienerschwerenden Behinderungen oder chronischen Erkrankungen ein wichtiger Faktor f\u00fcr ein erfolgreiches Studium. Viele Studierende kennen jedoch die Beratungsangebote an der TU Dortmund nicht oder z\u00f6gern diese wahrzunehmen.<\/p>\n<p class=\"text-justify\">Hier k\u00f6nnen Tutor*innen und studentische Mitarbeitende einen wertvollen Beitrag leisten, indem sie als Multiplikator*innen zu agieren. In der Tu-LoB-Schulung lernen sie genau das: Sie erfahren, wie man Problemlagen fr\u00fchzeitig wahrzunimmt, diese sensibel anspricht und gezielt auf Beratungsangebote verweist.\u00a0<\/p>\n<p class=\"text-justify\">Es stehen vier m\u00f6gliche Schulungstermine zur Verf\u00fcgung:<\/p>\n<ul class=\"list-unordered\">\n<li class=\"list-unordered__item\">\n<p class=\"text-justify\">Mittwoch, 25. Februar 2026 von 12:00 Uhr bis 14:30 Uhr<\/p>\n<\/li>\n<li class=\"list-unordered__item\">\n<p class=\"text-justify\">Freitag, 27. Februar 2026 von 09:30 Uhr bis 12:00 Uhr<\/p>\n<\/li>\n<li class=\"list-unordered__item\">\n<p class=\"text-justify\">Donnerstag, 05. M\u00e4rz 2026 von 10:00 Uhr bis 12:30 Uhr<\/p>\n<\/li>\n<li class=\"list-unordered__item\">\n<p class=\"text-justify\">Mittwoch, 11. M\u00e4rz 2026 von 13:30 Uhr bis 16:00 Uhr<\/p>\n<\/li>\n<\/ul>\n<p class=\"text-justify\">Alternativ k\u00f6nnen Lehrende bis Ende M\u00e4rz 2026 einen individuellen Termin f\u00fcr das Jahr vereinbaren. R\u00fcckfragen und Anmeldungen sind per E-Mail oder telefonisch bei Laura B\u00fchner m\u00f6glich.<\/p>\n<p class=\"text-justify\"><a href=\"http:\/\/dobus.zhb.tu-dortmund.de\/forschung\/aktuelle-projekte\/tutorinnen-als-lotsinnen-zur-beratung-fuer-studierende-m\/\" target=\"_blank\" class=\"deviant btn icon-btn btn-external\" title=\"Mehr Informationen zur Tu-LoB Schulung\" rel=\"nofollow noopener\">Weitere Informationen<\/a><\/p>\n<p class=\"text-justify\"><strong>Ansprechperson bei R\u00fcckfragen:<\/strong><\/p>\n","protected":false},"excerpt":{"rendered":"Im Rahmen des Projekts \u201eTutor*innen als Lots*innen zur Beratung f\u00fcr Studierende mit Behinderungen und chronischen Erkrankungen\u201c (Tu-LoB) lernen&hellip;\n","protected":false},"author":2,"featured_media":809120,"comment_status":"","ping_status":"","sticky":false,"template":"","format":"standard","meta":{"footnotes":"","_share_on_mastodon":"0"},"categories":[1833],"tags":[15252,3364,29,42568,217,30,1209,181988,91081,181989,181990,181991,20239],"class_list":["post-809119","post","type-post","status-publish","format-standard","has-post-thumbnail","category-dortmund","tag-beratung","tag-de","tag-deutschland","tag-dobus","tag-dortmund","tag-germany","tag-nordrhein-westfalen","tag-projekt-tu-lob","tag-schulung","tag-sensibilisierungsworkshop","tag-studierende-mit-behinderungen","tag-studierende-mit-chronischen-erkrankungen","tag-tu-dortmund"],"share_on_mastodon":{"url":"https:\/\/pubeurope.com\/@de\/116096458069671072","error":""},"_links":{"self":[{"href":"https:\/\/www.europesays.com\/de\/wp-json\/wp\/v2\/posts\/809119","targetHints":{"allow":["GET"]}}],"collection":[{"href":"https:\/\/www.europesays.com\/de\/wp-json\/wp\/v2\/posts"}],"about":[{"href":"https:\/\/www.europesays.com\/de\/wp-json\/wp\/v2\/types\/post"}],"author":[{"embeddable":true,"href":"https:\/\/www.europesays.com\/de\/wp-json\/wp\/v2\/users\/2"}],"replies":[{"embeddable":true,"href":"https:\/\/www.europesays.com\/de\/wp-json\/wp\/v2\/comments?post=809119"}],"version-history":[{"count":0,"href":"https:\/\/www.europesays.com\/de\/wp-json\/wp\/v2\/posts\/809119\/revisions"}],"wp:featuredmedia":[{"embeddable":true,"href":"https:\/\/www.europesays.com\/de\/wp-json\/wp\/v2\/media\/809120"}],"wp:attachment":[{"href":"https:\/\/www.europesays.com\/de\/wp-json\/wp\/v2\/media?parent=809119"}],"wp:term":[{"taxonomy":"category","embeddable":true,"href":"https:\/\/www.europesays.com\/de\/wp-json\/wp\/v2\/categories?post=809119"},{"taxonomy":"post_tag","embeddable":true,"href":"https:\/\/www.europesays.com\/de\/wp-json\/wp\/v2\/tags?post=809119"}],"curies":[{"name":"wp","href":"https:\/\/api.w.org\/{rel}","templated":true}]}}