{"id":809203,"date":"2026-02-19T09:40:13","date_gmt":"2026-02-19T09:40:13","guid":{"rendered":"https:\/\/www.europesays.com\/de\/809203\/"},"modified":"2026-02-19T09:40:13","modified_gmt":"2026-02-19T09:40:13","slug":"fastnacht-in-karlsruhe-und-durlach-platzverweise-aber-kaum-aerger","status":"publish","type":"post","link":"https:\/\/www.europesays.com\/de\/809203\/","title":{"rendered":"Fastnacht in Karlsruhe und Durlach: Platzverweise, aber kaum \u00c4rger"},"content":{"rendered":"<p class=\"mb-6 text-xs md:text-m lg:text-l font-serif group-[.font-sans]:font-sans \">\n    In einer gemeinsamen <strong class=\"font-bold\">Pressemitteilung vom 19.\u00a0Februar\u00a02026 der Stadt und des Polizeipr\u00e4sidiums Karlsruhe<\/strong> wurde aus polizeilicher Sicht erneut auf die Fastnachtstage am <a href=\"https:\/\/www.ka-news.de\/karlsruhe\/freizeit-und-veranstaltungen\/fastnachtsumzug-durlach-2026-alle-infos-im-live-ticker-route-bilder-und-stimmen-17-02-26-113430324\" target=\"_self\" class=\"underline \" rel=\"nofollow noopener\">15. Februar in Durlach<\/a> und am <a href=\"https:\/\/www.ka-news.de\/karlsruhe\/freizeit-und-veranstaltungen\/fastnachtsumzug-karlsruhe-2026-alle-infos-im-live-ticker-route-bilder-und-stimmen-18-02-26-113428106\" target=\"_self\" class=\"underline \" rel=\"nofollow noopener\">17. Februar in Karlsruhe<\/a> zur\u00fcckgeblickt.\n  <\/p>\n<p>            Mehrere Platzverweise\u00a0\u2013 kein Gewahrsam<\/p>\n<p class=\"mb-6 text-xs md:text-m lg:text-l font-serif group-[.font-sans]:font-sans \">\n    Wie die Polizei Karlsruhe schildert, sei es zu mehreren <strong class=\"font-bold\">St\u00f6rungen durch konflikthafte Situationen sowie Auseinandersetzungen<\/strong> gekommen. Schwerpunkt war demnach Durlach: Im Bereich der <strong class=\"font-bold\">Ochsentor- und Pfinztalstra\u00dfe sorgte eine aggressive Jugendgruppe kurzzeitig f\u00fcr deutliche Unruhe.<\/strong> Durch das Eingreifen der Einsatzkr\u00e4fte konnte die Situation jedoch schnell beruhigt und aufgel\u00f6st werden.\n  <\/p>\n<p>    <img decoding=\"async\" src=\"https:\/\/images.mgpd.de\/img\/113493671\/crop\/c16_9-w100\/487064487\/2127167598\/img9392.jpg\" alt=\"Fastnacht in Durlach 2026.\" title=\"Fastnacht in Durlach 2026.\" loading=\"lazy\" class=\"h-full w-full object-cover\"\/><\/p>\n<p>      Icon vergr\u00f6\u00dfern<\/p>\n<p>    Fastnacht in Durlach 2026.<br \/>\n    Foto: Thomas Riedel<\/p>\n<p>        Schlie\u00dfen <\/p>\n<p>      Icon Schlie\u00dfen<\/p>\n<p>        Icon vergr\u00f6\u00dfern<\/p>\n<p>        Icon verkleinern<\/p>\n<p>      Icon Pfeil bewegen<\/p>\n<p>    Fastnacht in Durlach 2026.<br \/>\n    Foto: Thomas Riedel<\/p>\n<p class=\"mb-6 text-xs md:text-m lg:text-l font-serif group-[.font-sans]:font-sans \">\n    Au\u00dferdem registrierte die Polizei <strong class=\"font-bold\">ein K\u00f6rperverletzungs- und ein Diebstahldelikt sowie mehrere Beleidigungen<\/strong>. Diese Vorf\u00e4lle konnten nach Angaben der Beamten durch <strong class=\"font-bold\">Platzverweise und deeskalierende Ma\u00dfnahmen<\/strong> gekl\u00e4rt werden. Zu Festnahmen kam es nicht.\n  <\/p>\n<p>            Jugendschutzkontrollen zeigten Erfolg<\/p>\n<p class=\"mb-6 text-xs md:text-m lg:text-l font-serif group-[.font-sans]:font-sans \">\n    Durch <strong class=\"font-bold\">pr\u00e4ventive Gespr\u00e4che<\/strong> der Einsatzkr\u00e4fte sei es zu <strong class=\"font-bold\">keinem Fall eines stark alkoholisierten Minderj\u00e4hrigen<\/strong> gekommen, erkl\u00e4rt die Polizei weiter. Doch die Anzahl der zu stark alkoholisierten Jugendlichen, welche dem Sanit\u00e4tsdienst \u00fcbergeben wurden, belief sich auf sechs.\n  <\/p>\n<p>    <img decoding=\"async\" src=\"https:\/\/www.europesays.com\/de\/wp-content\/uploads\/2026\/02\/img1423.jpg\" alt=\"Fastnachtsumzug Karlsruhe am 17. Februar 2026.\" title=\"Fastnachtsumzug Karlsruhe am 17. Februar 2026.\" loading=\"lazy\" class=\"h-full w-full object-cover\"\/><\/p>\n<p>      Icon vergr\u00f6\u00dfern<\/p>\n<p>    Fastnachtsumzug Karlsruhe am 17. Februar 2026.<br \/>\n    Foto: Thomas Riedel<\/p>\n<p>        Schlie\u00dfen <\/p>\n<p>      Icon Schlie\u00dfen<\/p>\n<p>        Icon vergr\u00f6\u00dfern<\/p>\n<p>        Icon verkleinern<\/p>\n<p>      Icon Pfeil bewegen<\/p>\n<p>    Fastnachtsumzug Karlsruhe am 17. Februar 2026.<br \/>\n    Foto: Thomas Riedel<\/p>\n<p>            Stadt Karlsruhe zeigt sich zufrieden<\/p>\n<p class=\"mb-6 text-xs md:text-m lg:text-l font-serif group-[.font-sans]:font-sans \">\n    Insgesamt seien <strong class=\"font-bold\">Ausschreitungen und Einsatzaufkommen laut Mitteilung auf einem niedrigen Niveau geblieben<\/strong>. Die Veranstaltung sei weitgehend ausgelassen, zugleich aber auch verantwortungsbewusst verlaufen.\n  <\/p>\n<p class=\"mb-6 text-xs md:text-m lg:text-l font-serif group-[.font-sans]:font-sans \">\n    Die sch\u00f6nsten Bilder der Fastnacht findet ihr hier, f\u00fcr <a href=\"https:\/\/www.ka-news.de\/karlsruhe\/freizeit-und-veranstaltungen\/das-war-der-durlacher-fastnachtsumzug-die-bilder-vom-naerrischen-spektakel-2026-113430127\" target=\"_self\" class=\"underline \" rel=\"nofollow noopener\">Durlach<\/a> und f\u00fcr <a href=\"https:\/\/www.ka-news.de\/karlsruhe\/freizeit-und-veranstaltungen\/gut-gelaunt-und-meist-trockenen-fusses-die-schoensten-bilder-vom-fastnachtsumzug-2026-in-karlsruhe-113521445\" target=\"_self\" class=\"underline \" rel=\"nofollow noopener\">Karlsruhe<\/a>.\n  <\/p>\n<ul data-module-id=\"DragDropModule\" class=\"flex flex-wrap justify-start group-[.no-bookmarks]:hidden\">\n<li class=\"mb-3 mr-3\">\n    Viviane Turhan<\/p>\n<p>      Icon Haken im Kreis gesetzt<\/p>\n<p>      Icon Plus im Kreis<\/p>\n<\/li>\n<li class=\"mb-3 mr-3\">\n    Karlsruhe<\/p>\n<p>      Icon Haken im Kreis gesetzt<\/p>\n<p>      Icon Plus im Kreis<\/p>\n<\/li>\n<li class=\"mb-3 mr-3\">\n    Platzverweis<\/p>\n<p>      Icon Haken im Kreis gesetzt<\/p>\n<p>      Icon Plus im Kreis<\/p>\n<\/li>\n<\/ul>\n","protected":false},"excerpt":{"rendered":"In einer gemeinsamen Pressemitteilung vom 19.\u00a0Februar\u00a02026 der Stadt und des Polizeipr\u00e4sidiums Karlsruhe wurde aus polizeilicher Sicht erneut auf&hellip;\n","protected":false},"author":2,"featured_media":809204,"comment_status":"","ping_status":"","sticky":false,"template":"","format":"standard","meta":{"footnotes":"","_share_on_mastodon":"0"},"categories":[1844],"tags":[22997,1634,25834,3364,29,20957,136900,182008,30,8903,34437,121],"class_list":["post-809203","post","type-post","status-publish","format-standard","has-post-thumbnail","category-karlsruhe","tag-ausschreitung","tag-baden-wuerttemberg","tag-beleidigung","tag-de","tag-deutschland","tag-durlach","tag-fasching","tag-fastnachtsfeiertag","tag-germany","tag-karlsruhe","tag-platzverweis","tag-polizei"],"share_on_mastodon":{"url":"https:\/\/pubeurope.com\/@de\/116096639178757582","error":""},"_links":{"self":[{"href":"https:\/\/www.europesays.com\/de\/wp-json\/wp\/v2\/posts\/809203","targetHints":{"allow":["GET"]}}],"collection":[{"href":"https:\/\/www.europesays.com\/de\/wp-json\/wp\/v2\/posts"}],"about":[{"href":"https:\/\/www.europesays.com\/de\/wp-json\/wp\/v2\/types\/post"}],"author":[{"embeddable":true,"href":"https:\/\/www.europesays.com\/de\/wp-json\/wp\/v2\/users\/2"}],"replies":[{"embeddable":true,"href":"https:\/\/www.europesays.com\/de\/wp-json\/wp\/v2\/comments?post=809203"}],"version-history":[{"count":0,"href":"https:\/\/www.europesays.com\/de\/wp-json\/wp\/v2\/posts\/809203\/revisions"}],"wp:featuredmedia":[{"embeddable":true,"href":"https:\/\/www.europesays.com\/de\/wp-json\/wp\/v2\/media\/809204"}],"wp:attachment":[{"href":"https:\/\/www.europesays.com\/de\/wp-json\/wp\/v2\/media?parent=809203"}],"wp:term":[{"taxonomy":"category","embeddable":true,"href":"https:\/\/www.europesays.com\/de\/wp-json\/wp\/v2\/categories?post=809203"},{"taxonomy":"post_tag","embeddable":true,"href":"https:\/\/www.europesays.com\/de\/wp-json\/wp\/v2\/tags?post=809203"}],"curies":[{"name":"wp","href":"https:\/\/api.w.org\/{rel}","templated":true}]}}