{"id":809564,"date":"2026-02-19T12:57:17","date_gmt":"2026-02-19T12:57:17","guid":{"rendered":"https:\/\/www.europesays.com\/de\/809564\/"},"modified":"2026-02-19T12:57:17","modified_gmt":"2026-02-19T12:57:17","slug":"duesseldorf-erstes-hochwasser-des-jahres","status":"publish","type":"post","link":"https:\/\/www.europesays.com\/de\/809564\/","title":{"rendered":"D\u00fcsseldorf: Erstes Hochwasser des Jahres"},"content":{"rendered":"<p class=\"text_ohne_einzug richtext text-em-55 !leading-serif mx-6 desktop:mx-0\">  Wer derzeit am <a href=\"https:\/\/rp-online.de\/thema\/rhein\/\" rel=\"nofollow noopener\" target=\"_blank\">Rhein<\/a> spazieren geht, hat es bereits gemerkt: Der Fluss f\u00fchrt wieder reichlich Wasser. Und bis zum Wochenende soll der Pegelstand weiter steigen. Das erste kleine <a href=\"https:\/\/rp-online.de\/thema\/hochwasser\/\" rel=\"nofollow noopener\" target=\"_blank\">Hochwasser<\/a> des Jahres hat <a href=\"https:\/\/rp-online.de\/thema\/duesseldorf\/\" rel=\"nofollow noopener\" target=\"_blank\">D\u00fcsseldorf<\/a> erreicht. Seit vergangenem Wochenende ist der Rheinpegel stark angestiegen. Lag er am Freitagmorgen noch bei 2,95 Meter, erreichte er am Donnerstagvormittag bereits einen Stand von 5,80 Meter. Auf der linken Rheinseite wurde in Heerdt im Bereich der Sch\u00f6n-Klinik der Rad- und Fu\u00dfweg, der parallel zur Rheinallee verl\u00e4uft, geschlossen. \u201eDieser wird bereits ab einem <a href=\"https:\/\/rp-online.de\/thema\/pegel\/\" rel=\"nofollow noopener\" target=\"_blank\">Pegel<\/a> von 4,80 Meter gesperrt\u201c, sagte Stadtsprecherin Annika Mester.<\/p>\n","protected":false},"excerpt":{"rendered":"Wer derzeit am Rhein spazieren geht, hat es bereits gemerkt: Der Fluss f\u00fchrt wieder reichlich Wasser. Und bis&hellip;\n","protected":false},"author":2,"featured_media":809565,"comment_status":"","ping_status":"","sticky":false,"template":"","format":"standard","meta":{"footnotes":"","_share_on_mastodon":"0"},"categories":[1831],"tags":[14024,3364,29,3405,27153,33642,30,8976,5672,5669,179862,182058,20080,1209,9593,7888,182059,4749],"class_list":["post-809564","post","type-post","status-publish","format-standard","has-post-thumbnail","category-duesseldorf","tag-pegel","tag-de","tag-deutschland","tag-duesseldorf","tag-erreicht","tag-erwartet","tag-germany","tag-geschlossen","tag-hoechststand","tag-hochwasser","tag-hochwassermarke","tag-mester","tag-meter","tag-nordrhein-westfalen","tag-stand","tag-wasserstand","tag-wasserstandvorhersagetool","tag-wochenende"],"share_on_mastodon":{"url":"https:\/\/pubeurope.com\/@de\/116097413586302136","error":""},"_links":{"self":[{"href":"https:\/\/www.europesays.com\/de\/wp-json\/wp\/v2\/posts\/809564","targetHints":{"allow":["GET"]}}],"collection":[{"href":"https:\/\/www.europesays.com\/de\/wp-json\/wp\/v2\/posts"}],"about":[{"href":"https:\/\/www.europesays.com\/de\/wp-json\/wp\/v2\/types\/post"}],"author":[{"embeddable":true,"href":"https:\/\/www.europesays.com\/de\/wp-json\/wp\/v2\/users\/2"}],"replies":[{"embeddable":true,"href":"https:\/\/www.europesays.com\/de\/wp-json\/wp\/v2\/comments?post=809564"}],"version-history":[{"count":0,"href":"https:\/\/www.europesays.com\/de\/wp-json\/wp\/v2\/posts\/809564\/revisions"}],"wp:featuredmedia":[{"embeddable":true,"href":"https:\/\/www.europesays.com\/de\/wp-json\/wp\/v2\/media\/809565"}],"wp:attachment":[{"href":"https:\/\/www.europesays.com\/de\/wp-json\/wp\/v2\/media?parent=809564"}],"wp:term":[{"taxonomy":"category","embeddable":true,"href":"https:\/\/www.europesays.com\/de\/wp-json\/wp\/v2\/categories?post=809564"},{"taxonomy":"post_tag","embeddable":true,"href":"https:\/\/www.europesays.com\/de\/wp-json\/wp\/v2\/tags?post=809564"}],"curies":[{"name":"wp","href":"https:\/\/api.w.org\/{rel}","templated":true}]}}