{"id":809749,"date":"2026-02-19T14:34:18","date_gmt":"2026-02-19T14:34:18","guid":{"rendered":"https:\/\/www.europesays.com\/de\/809749\/"},"modified":"2026-02-19T14:34:18","modified_gmt":"2026-02-19T14:34:18","slug":"so-sollen-pannen-verhindert-werden","status":"publish","type":"post","link":"https:\/\/www.europesays.com\/de\/809749\/","title":{"rendered":"So sollen Pannen verhindert werden"},"content":{"rendered":"<p class=\"expressive-copy-lg-body\">Der Schock der verkorksten Berliner Wahlen von 2021 steckt der Berliner Politik immer noch in den Knochen. Am Wahltag gab es eklatant viele Fehler. Das <a href=\"https:\/\/www.morgenpost.de\/berlin\/article236924421\/wahl-berlin-wiederholung-abgeordnetenhaus-landesverfassungsgericht-entscheidung.html\" data-category-full-path=\"https:\/\/www.morgenpost.de\/berlin\/\" data-paid-status=\"default\" data-article-publish-date=\"1668594447\" rel=\"nofollow noopener\" target=\"_blank\">Landesverfassungsgericht ordnete an, die Wahlen zum Abgeordnetenhaus komplett zu wiederholen. <\/a>Die Folgen sind bekannt: Kai Wegner 2023 schlug mit seiner CDU die rot-gr\u00fcn-rote Koalition. Seitdem regiert er im Roten Rathaus. <a href=\"https:\/\/www.morgenpost.de\/berlin\/article240845432\/Bundestagswahlen-in-Berlin-Das-koennten-die-Folgen-sein.html\" data-category-full-path=\"https:\/\/www.morgenpost.de\/berlin\/\" data-paid-status=\"default\" data-article-publish-date=\"1702980620\" rel=\"nofollow noopener\" target=\"_blank\">Auch f\u00fcr den Bundestag wurden Hunderttausende Berliner 2024 nochmal zu den Urnen gerufen.<\/a><\/p>\n<p class=\"expressive-copy-lg-body\">Um eine solche Pleite zu vermeiden, betreibt Landeswahlleiter Stephan Br\u00f6chler f\u00fcr die Wahlen am 20. September einen organisatorischen Aufwand wie selten vorher. Anders als seine Vorg\u00e4nger hat der Professor das neu geschaffene Wahlamt an seiner Seite. Auch den inzwischen \u00fcblichen regelm\u00e4\u00dfigen Austausch aller Beteiligten gab es vorher nicht. Heute treffen sich Br\u00f6chler und seine Leute regelm\u00e4\u00dfig mit Innensenatorin Iris Spranger (SPD), den Bezirken, aber auch mit Post- und IT-Dienstleistern. <\/p>\n<p>Wenn n\u00e4chsten Sonntag Wahl zum Berliner Abgeordnetenhaus w\u00e4re &#8230;<\/p>\n<p><a href=\"https:\/\/www.morgenpost.de\/interaktiv\/berlin-wahl-2026-umfragen\/\" rel=\"nofollow noopener\" target=\"_blank\">\u2794 <b>Berlin-Wahl 2026<\/b>: Details zu Umfragen und m\u00f6glichen Koalitionen in der \u00dcbersicht<\/a><\/p>\n<p>Im September werden 2500 Wahllokale eingerichtet, zehn Prozent mehr als zuletzt<\/p>\n<p class=\"expressive-copy-lg-body\">Im September wird es laut Br\u00f6chler mit 2500 Wahllokalen rund zehn Prozent mehr Orte geben, an denen die Menschen ihre Stimme abgeben k\u00f6nnen. Noch sind nicht alle R\u00e4ume gefunden. Br\u00f6chler hat sich erstmals mit Organisationen wie der IHK getroffen, um weitere Lokale zu finden. Noch sind auch die Wahlbezirke mit jeweils 800 bis 1300 Wahlberechtigten nicht endg\u00fcltig festgelegt. Das soll bis Ende M\u00e4rz erfolgen. In jedem Wahllokal sind vier bis sechs Wahlkabinen vorgesehen. <\/p>\n<p>    <img decoding=\"async\" src=\"https:\/\/www.europesays.com\/de\/wp-content\/uploads\/2026\/02\/411260014_1771510582_v16_9_1200.jpeg\" class=\"relative z-10 block w-full object-cover aspect-[16\/9] md:aspect-[16\/9] lg:aspect-[16\/9]\" alt=\"Stephan Br\u00f6chler ist seit 2022 Landeswahlleiter in Berlin.\" title=\"Stephan Br\u00f6chler ist seit 2022 Landeswahlleiter in Berlin.\" loading=\"lazy\"\/><\/p>\n<p>\n      Stephan Br\u00f6chler ist seit 2022 Landeswahlleiter in Berlin.<br \/>\n      \u00a9 dpa | Elisa Schu\n    <\/p>\n<p class=\"expressive-copy-lg-body\">Als besondere Herausforderung beschreibt der Landeswahlleiter die m\u00f6glichen zwei Volksentscheide am Wahltag. Bis Ende Mai sammeln die Initiatoren der Volksbegehren \u201eBerlin autofrei\u201c und \u201eBerlin werbefrei\u201c Unterschriften. Auch wenn sie noch sehr weit von den n\u00f6tigen 175.000 Unterst\u00fctzern entfernt sind, muss sich die Wahlorganisation auf den Erfolgsfall vorbereiten. \u201eWir stellen uns auf die Volksentscheide ein\u201c, sagte Br\u00f6chler am Donnerstag bei einer Pressekonferenz zum Stand der Vorbereitungen. <\/p>\n<p>            <img decoding=\"async\" src=\"https:\/\/www.europesays.com\/de\/wp-content\/uploads\/2026\/02\/411156006_1770649596_v16_9_1200.jpeg\" class=\"relative z-10 block w-full object-cover aspect-[4\/3]\" alt=\"F\u00fcr die Aktivisten der beiden Volksbegehren ist es im Winter schwer, Unterschriften f\u00fcr ihre Anliegen zu sammeln. (Archivbild)\" title=\"F\u00fcr die Aktivisten der beiden Volksbegehren ist es im Winter schwer, Unterschriften f\u00fcr ihre Anliegen zu sammeln. (Archivbild)\" loading=\"lazy\"\/><\/p>\n<p>  40.000 Wahlhelfer werden gesucht, sie bekommen bis zu 120 Euro f\u00fcr den Einsatz<\/p>\n<p class=\"expressive-copy-lg-body\">Deshalb braucht Br\u00f6chler dieses Mal auch mehr Wahlhelfende als 2023. Zuletzt kam er mit 35.000 aus. Diesmal werden 40.000 gesucht. Das Erfrischungsgeld f\u00fchrt er aber mit maximal 120 Euro auf das fr\u00fchere Niveau zur\u00fcck. 2023 hatte der Senat den Betrag aus Angst vor mangelndem Engagement der B\u00fcrger nach der Pannenwahl verdoppelt.<\/p>\n<p class=\"expressive-copy-lg-body\">In Berlin d\u00fcrfen diesmal mit 2,5 Millionen mehr Menschen an den Landeswahlen teilnehmen als zuvor. Das liegt am Wachstum der Stadt. Aber auch an knapp 64.000 16- und 17-J\u00e4hrigen, <a href=\"https:\/\/www.morgenpost.de\/berlin\/article240813154\/Abgeordnetenhaus-beschliesst-Haushalt-und-Wahlalter-16.html\" data-category-full-path=\"https:\/\/www.morgenpost.de\/berlin\/\" data-paid-status=\"free\" data-article-publish-date=\"1702583255\" rel=\"nofollow noopener\" target=\"_blank\">die erstmals auch das Landesparlament mitbestimmen d\u00fcrfen. <\/a>W\u00e4hlen darf, wer deutscher Staatsb\u00fcrger ist und vor dem 21. September 2010 geboren wurde. F\u00fcr die Bezirksparlamente sind auch EU-B\u00fcrger wahlberechtigt, sodass insgesamt 2,75 Millionen Personen ihre Stimme abgeben d\u00fcrfen. Die Stimmzettel f\u00fcr die Abgeordnetenhauswahl sind neu gestaltet. Die W\u00e4hler bekommen nicht mehr je einen Bogen f\u00fcr die Erst- und die Zweitstimme. Stattdessen w\u00e4hlen sie nur noch auf einem Bogen. <\/p>\n<p>            Morgenpost der Chefredaktion<\/p>\n<p>Die ersten News des Tages \u2013 direkt von der Chefredaktion. Montag bis Samstag um 6:30 Uhr.<\/p>\n<p>            <img decoding=\"async\" src=\"https:\/\/www.europesays.com\/de\/wp-content\/uploads\/2026\/02\/1771511658_177_newsletter-envelope.png\" alt=\"Newsletter Illustration\" class=\"h-full w-full max-w-full object-cover md:max-w-[226px] lg:max-w-[234px]\" loading=\"lazy\"\/><\/p>\n<p>              Morgenpost der Chefredaktion<\/p>\n<p>Die ersten News des Tages \u2013 direkt von der Chefredaktion. Montag bis Samstag um 6:30 Uhr.<\/p>\n<p>              Mit meiner Anmeldung zum Newsletter stimme ich der<br \/>\n              <a href=\"https:\/\/www.morgenpost.de\/service\/newsletter-adconsent\" class=\"text-copy-accent underline decoration-solid underline-offset-1 hover:text-primary-700\" rel=\"nofollow noopener\" target=\"_blank\">Werbevereinbarung<\/a><br \/>\n              zu.<\/p>\n<p class=\"expressive-copy-lg-body\">Auf m\u00f6gliche Diffamierungen oder Fake News zu den Wahlen etwa in sozialen Medien ist Br\u00f6chler vorbereitet. \u201eWir stellen uns darauf ein, solche Versuche zeitig zu erkennen, schnell zu antworten und unsere Reaktion \u00fcber alle Kan\u00e4le zu transportieren, damit so ein Schneeball nicht ins Rollen kommt.\u201c<\/p>\n","protected":false},"excerpt":{"rendered":"Der Schock der verkorksten Berliner Wahlen von 2021 steckt der Berliner Politik immer noch in den Knochen. Am&hellip;\n","protected":false},"author":2,"featured_media":809750,"comment_status":"","ping_status":"","sticky":false,"template":"","format":"standard","meta":{"footnotes":"","_share_on_mastodon":"0"},"categories":[1825],"tags":[296,29,30],"class_list":["post-809749","post","type-post","status-publish","format-standard","has-post-thumbnail","category-berlin","tag-berlin","tag-deutschland","tag-germany"],"share_on_mastodon":{"url":"https:\/\/pubeurope.com\/@de\/116097795460873531","error":""},"_links":{"self":[{"href":"https:\/\/www.europesays.com\/de\/wp-json\/wp\/v2\/posts\/809749","targetHints":{"allow":["GET"]}}],"collection":[{"href":"https:\/\/www.europesays.com\/de\/wp-json\/wp\/v2\/posts"}],"about":[{"href":"https:\/\/www.europesays.com\/de\/wp-json\/wp\/v2\/types\/post"}],"author":[{"embeddable":true,"href":"https:\/\/www.europesays.com\/de\/wp-json\/wp\/v2\/users\/2"}],"replies":[{"embeddable":true,"href":"https:\/\/www.europesays.com\/de\/wp-json\/wp\/v2\/comments?post=809749"}],"version-history":[{"count":0,"href":"https:\/\/www.europesays.com\/de\/wp-json\/wp\/v2\/posts\/809749\/revisions"}],"wp:featuredmedia":[{"embeddable":true,"href":"https:\/\/www.europesays.com\/de\/wp-json\/wp\/v2\/media\/809750"}],"wp:attachment":[{"href":"https:\/\/www.europesays.com\/de\/wp-json\/wp\/v2\/media?parent=809749"}],"wp:term":[{"taxonomy":"category","embeddable":true,"href":"https:\/\/www.europesays.com\/de\/wp-json\/wp\/v2\/categories?post=809749"},{"taxonomy":"post_tag","embeddable":true,"href":"https:\/\/www.europesays.com\/de\/wp-json\/wp\/v2\/tags?post=809749"}],"curies":[{"name":"wp","href":"https:\/\/api.w.org\/{rel}","templated":true}]}}