{"id":809791,"date":"2026-02-19T14:56:11","date_gmt":"2026-02-19T14:56:11","guid":{"rendered":"https:\/\/www.europesays.com\/de\/809791\/"},"modified":"2026-02-19T14:56:11","modified_gmt":"2026-02-19T14:56:11","slug":"verfassungsschutz-warnt-vor-desinformation-im-wahlkampf","status":"publish","type":"post","link":"https:\/\/www.europesays.com\/de\/809791\/","title":{"rendered":"Verfassungsschutz warnt vor Desinformation im Wahlkampf"},"content":{"rendered":"<ol class=\"id-DonaldBreadcrumb lp_west_breadcrumb id-DonaldBreadcrumb--default\" data-k5a-pos=\"west_breadcrumb\">\n<li class=\"id-Breadcrumb-item\"><a href=\"https:\/\/www.fr.de\/\" class=\"id-Breadcrumb-link\" data-id-ec=\"{\" shn=\"\" textlink=\"\" data-k5a-pos=\"1_startseite\" rel=\"nofollow noopener\" target=\"_blank\">Startseite<\/a><\/li>\n<li class=\"id-Breadcrumb-item\"><a href=\"https:\/\/www.fr.de\/rhein-main\/\" class=\"id-Breadcrumb-link\" data-id-ec=\"{\" shn=\"\" textlink=\"\" data-k5a-pos=\"2_rheinMain\" rel=\"nofollow noopener\" target=\"_blank\">Rhein-Main<\/a><\/li>\n<li class=\"id-Breadcrumb-item\"><a href=\"https:\/\/www.fr.de\/rhein-main\/landespolitik\/\" class=\"id-Breadcrumb-link\" data-id-ec=\"{\" shn=\"\" textlink=\"\" data-k5a-pos=\"3_landespolitik\" rel=\"nofollow noopener\" target=\"_blank\">Landespolitik<\/a><\/li>\n<\/ol>\n<p class=\"id-Story-timestamp id-Story-timestamp--default\">Stand: 19.02.2026, 15:50 Uhr<\/p>\n<p class=\"id-Story-authors id-Story-authors--default\">Von: <a class=\"id-Story-authors-link lp_west_author\" href=\"https:\/\/www.fr.de\/autor\/hanning-voigts-gu4yj3ayj.html\" title=\"Zur Autorenseite von Hanning Voigts\" data-id-ec=\"{\" shn=\"\" author-link=\"\" voigts=\"\" data-k5a-pos=\"west_author\" rel=\"nofollow noopener\" target=\"_blank\">Hanning Voigts<\/a><\/p>\n<p class=\"id-Story-interactionBar id-Story-interactionBar--default\">DruckenTeilen<\/p>\n<p><img decoding=\"async\" class=\"id-RatioPlaceholder-element wv_story_el_image\" src=\"https:\/\/www.europesays.com\/de\/wp-content\/uploads\/2026\/02\/41403362-ein-handy-vor-dem-meta-logo-227a.jpg\" loading=\"eager\" fetchpriority=\"high\"   height=\"792\" width=\"1408\" alt=\"Facebook-Konzern hei&#xDF;t jetzt Meta Der Facebook Konzern hei&#xDF;t k&#xFC;nftig Meta. Der Konzern gilt als Dachgesellschaft f&#xFC;r Die\"\/>Besonders auf Plattformen wie Facebook und Instagram sind Desinformationen laut Verfassungsschutz zu finden. \u00a9\u00a0IMAGO\/Revierfoto<\/p>\n<p class=\"id-StoryElement-leadText\">Das hessische Landesamt f\u00fcr Verfassungsschutz warnt vor gezielten Fake News und gef\u00e4lschten Profilen auf Social Media im Kommunalwahlkampf.<\/p>\n<p class=\"id-StoryElement-paragraph\">Wiesbaden \u2013 Gut drei Wochen vor der hessischen Kommunalwahl am 15. M\u00e4rz warnt der Verfassungsschutz vor gezielter Desinformation in den sozialen Netzwerken. <\/p>\n<p class=\"id-StoryElement-paragraph\">Mit Hilfe k\u00fcnstlicher Intelligenz erstellte Inhalte, sogenannte Deepfakes, k\u00f6nnten die Meinungsbildung im laufenden Wahlkampf beeinflussen, <a href=\"https:\/\/www.fr.de\/rhein-main\/landespolitik\/mehr-kompetenzen-fuer-den-verfassungsschutz-in-hessen-94078295.html\" class=\"id-import-Link\" data-id-ec=\"{&quot;sht&quot;:&quot;Container&quot;,&quot;shn&quot;:&quot;Story&quot;,&quot;p&quot;:{&quot;containerType&quot;:&quot;Paragraph&quot;,&quot;displayType&quot;:&quot;Paragraph InlineLink&quot;,&quot;type&quot;:&quot;INLINE_LINK&quot;,&quot;value&quot;:&quot;teilte das hessische Landesamt f&#xFC;r Verfassungsschutz (LfV) mit&quot;,&quot;variant&quot;:&quot;standardLink&quot;,&quot;sponsored&quot;:false,&quot;linkHref&quot;:&quot;https:\/\/www.fr.de\/rhein-main\/landespolitik\/mehr-kompetenzen-fuer-den-verfassungsschutz-in-hessen-94078295.html&quot;,&quot;storyElementPosition&quot;:10,&quot;storyElementCount&quot;:14}}\" rel=\"nofollow noopener\" target=\"_blank\">teilte das hessische Landesamt f\u00fcr Verfassungsschutz (LfV) mit<\/a>. Man habe vor\u00fcbergehend ein neues Team gebildet, um Erkenntnisse \u00fcber Desinformation mit Bezug auf die Kommunalwahl auszuwerten.<\/p>\n<p>Gef\u00e4lschte Profile sind ein zunehmendes Problem<\/p>\n<p class=\"id-StoryElement-paragraph\">Bereits aus den Bundestagswahlen 2021 und im vergangenen Jahr wisse man, dass Desinformation \u00fcber Parteien oder einzelne Kandidierende gezielt auf Plattformen wie Instagram, Facebook und TikTok verbreitet werde, sagte Bernd Neumann, Pr\u00e4sident des LfV. \u201eDoch gerade auf kommunaler Ebene k\u00f6nnen manipulierte Videos oder gef\u00e4lschte Meldungen eine gef\u00e4hrliche Wirkung entfalten, da sie in einem vertrauten Umfeld besonders glaubw\u00fcrdig erscheinen.\u201c Insbesondere in den sozialen Netzwerken m\u00fcssten Informationen daher kritisch gepr\u00fcft werden.<\/p>\n<p class=\"id-StoryElement-paragraph\">Zudem beobachte man gef\u00e4lschte Profile in den sozialen Netzwerken, die sich etwa als Beh\u00f6rden oder B\u00fcrgermeisterinnen und B\u00fcrgermeister ausg\u00e4ben, teilte das LfV weiter mit. Zum Teil handele es sich um Satire, teils gehe es aber auch darum, \u201edas Bild der betreffenden Person in der \u00d6ffentlichkeit zu besch\u00e4digen\u201c. Dieser sogenannte Identit\u00e4tsklau sei auch in Hessen \u201eein wachsendes Problem\u201c. Desinformation und Fake News gef\u00e4hrdeten das Vertrauen in die Demokratie, sagte der LfV-Pr\u00e4sident. Es brauche eine politische Kultur, \u201edie auf Fakten statt auf F\u00e4lschungen baut\u201c. (Hanning Voigts)<\/p>\n","protected":false},"excerpt":{"rendered":"Startseite Rhein-Main Landespolitik Stand: 19.02.2026, 15:50 Uhr Von: Hanning Voigts DruckenTeilen Besonders auf Plattformen wie Facebook und Instagram&hellip;\n","protected":false},"author":2,"featured_media":809792,"comment_status":"","ping_status":"","sticky":false,"template":"","format":"standard","meta":{"footnotes":"","_share_on_mastodon":"0"},"categories":[1847],"tags":[3364,29,548,663,3934,30,13,2052,14,15,12,4544],"class_list":["post-809791","post","type-post","status-publish","format-standard","has-post-thumbnail","category-wiesbaden","tag-de","tag-deutschland","tag-eu","tag-europa","tag-europe","tag-germany","tag-headlines","tag-hessen","tag-nachrichten","tag-news","tag-schlagzeilen","tag-wiesbaden"],"share_on_mastodon":{"url":"https:\/\/pubeurope.com\/@de\/116097881674002468","error":""},"_links":{"self":[{"href":"https:\/\/www.europesays.com\/de\/wp-json\/wp\/v2\/posts\/809791","targetHints":{"allow":["GET"]}}],"collection":[{"href":"https:\/\/www.europesays.com\/de\/wp-json\/wp\/v2\/posts"}],"about":[{"href":"https:\/\/www.europesays.com\/de\/wp-json\/wp\/v2\/types\/post"}],"author":[{"embeddable":true,"href":"https:\/\/www.europesays.com\/de\/wp-json\/wp\/v2\/users\/2"}],"replies":[{"embeddable":true,"href":"https:\/\/www.europesays.com\/de\/wp-json\/wp\/v2\/comments?post=809791"}],"version-history":[{"count":0,"href":"https:\/\/www.europesays.com\/de\/wp-json\/wp\/v2\/posts\/809791\/revisions"}],"wp:featuredmedia":[{"embeddable":true,"href":"https:\/\/www.europesays.com\/de\/wp-json\/wp\/v2\/media\/809792"}],"wp:attachment":[{"href":"https:\/\/www.europesays.com\/de\/wp-json\/wp\/v2\/media?parent=809791"}],"wp:term":[{"taxonomy":"category","embeddable":true,"href":"https:\/\/www.europesays.com\/de\/wp-json\/wp\/v2\/categories?post=809791"},{"taxonomy":"post_tag","embeddable":true,"href":"https:\/\/www.europesays.com\/de\/wp-json\/wp\/v2\/tags?post=809791"}],"curies":[{"name":"wp","href":"https:\/\/api.w.org\/{rel}","templated":true}]}}