{"id":809891,"date":"2026-02-19T15:51:10","date_gmt":"2026-02-19T15:51:10","guid":{"rendered":"https:\/\/www.europesays.com\/de\/809891\/"},"modified":"2026-02-19T15:51:10","modified_gmt":"2026-02-19T15:51:10","slug":"verbot-propalaestinensischer-veranstaltungen-in-berlin-2022-und-2023-teils-rechtens","status":"publish","type":"post","link":"https:\/\/www.europesays.com\/de\/809891\/","title":{"rendered":"Verbot propal\u00e4stinensischer Veranstaltungen in Berlin 2022 und 2023 teils rechtens"},"content":{"rendered":"<p>      Verbot propal\u00e4stinensischer Veranstaltungen in Berlin 2022 und 2023 teils rechtens<\/p>\n<p>            Kopiere den aktuellen Link<\/p>\n<p>          Zur Merkliste hinzuf\u00fcgen<\/p>\n<p>Das Verbot zweier propal\u00e4stinensischer Demonstrationen in Berlin in den Jahren 2022 und 2023 ist rechtens gewesen. Zwei Kundgebungen 2022 h\u00e4tten aber nicht untersagt werden d\u00fcrfen, wie das Berliner Verwaltungsgericht am Donnerstag entschied. Es ging um Veranstaltungen aus Anlass des sogenannten Nakba-Tags am 15. Mai.<\/p>\n<p class=\"typo-body-sc-md is-initial\">An diesem Tag gedenken die Pal\u00e4stinenser jedes Jahr der Nakba (Katastrophe) &#8211; der Vertreibung und Flucht von mehr als 700.000 Landsleuten nach der Staatsgr\u00fcndung Israels. Die Berliner <a class=\"taxonomy-entity organization\" data-target-type=\"article\" href=\"https:\/\/www.stern.de\/panorama\/verbrechen\/themen\/polizei-4541324.html\" rel=\"nofollow noopener\" target=\"_blank\">Polizei<\/a> verbot die angemeldeten Versammlungen im Mai 2022 und 2023, weil sie aufgrund fr\u00fcherer Erfahrungen Gewalt gegen Polizisten und Presse sowie antisemitische \u00c4u\u00dferungen bef\u00fcrchtete.<\/p>\n<p class=\"typo-body-sc-md\">Die Veranstalter wandten sich an das Gericht. Dieses beanstandete die Gefahrenprognose der Polizei nun nicht, soweit es um geplante Aufz\u00fcge mit 1000 bis 2000 Teilnehmenden ging. Erfahrungen aus vergangenen Versammlungen h\u00e4tten in die Prognose einflie\u00dfen d\u00fcrfen, auch wenn die Kl\u00e4ger damit pers\u00f6nlich nichts zu tun gehabt h\u00e4tten. So seien bei einer Demonstration im Mai 2021 insgesamt 93 Polizeikr\u00e4fte verletzt worden.<\/p>\n<p class=\"typo-body-sc-md\">Zwei Kundgebungen auf dem Oranienplatz in <a class=\"taxonomy-entity place\" data-target-type=\"article\" href=\"https:\/\/www.stern.de\/politik\/deutschland\/themen\/berlin-4151912.html\" rel=\"nofollow noopener\" target=\"_blank\">Berlin<\/a>-Kreuzberg, die vor dem Jahrestag 2022 geplant waren, h\u00e4tten dem Gericht zufolge aber nicht verboten werden d\u00fcrfen. Die Polizei habe nicht davon ausgehen d\u00fcrfen, dass diese Versammlungen die \u00f6ffentliche Sicherheit direkt gef\u00e4hrdeten.<\/p>\n<p class=\"typo-body-sc-md\">So sei nur mit 50 Teilnehmenden gerechnet worden. Die Annahme, dass die potenziellen Teilnehmer der verbotenen Demonstration auf diese Kundgebungen ausweichen w\u00fcrden, sei rein hypothetisch gewesen, f\u00fchrte das Gericht aus. Die Demonstrationen h\u00e4tten vor allem in Berlin-Neuk\u00f6lln und damit weiter weg vom <a class=\"taxonomy-entity place\" data-target-type=\"article\" href=\"https:\/\/www.stern.de\/politik\/deutschland\/themen\/oranienplatz-4176006.html\" rel=\"nofollow noopener\" target=\"_blank\">Oranienplatz<\/a> stattfinden sollen.<\/p>\n<p class=\"typo-body-sc-md\">Die Klagen hatten also teilweise Erfolg. Gegen die Urteile kann noch die Zulassung der Berufung beim Oberverwaltungsgericht Berlin-Brandenburg beantragt werden.<\/p>\n<p>\n    AFP\n  <\/p>\n","protected":false},"excerpt":{"rendered":"Verbot propal\u00e4stinensischer Veranstaltungen in Berlin 2022 und 2023 teils rechtens Kopiere den aktuellen Link Zur Merkliste hinzuf\u00fcgen Das&hellip;\n","protected":false},"author":2,"featured_media":809892,"comment_status":"","ping_status":"","sticky":false,"template":"","format":"standard","meta":{"footnotes":"","_share_on_mastodon":"0"},"categories":[1825],"tags":[1941,1939,296,1937,29,30,1940,1938],"class_list":["post-809891","post","type-post","status-publish","format-standard","has-post-thumbnail","category-berlin","tag-aktuelle-nachrichten-aus-berlin","tag-aktuelle-news-aus-berlin","tag-berlin","tag-berlin-news","tag-deutschland","tag-germany","tag-nachrichten-aus-berlin","tag-news-aus-berlin"],"share_on_mastodon":{"url":"https:\/\/pubeurope.com\/@de\/116098097768598995","error":""},"_links":{"self":[{"href":"https:\/\/www.europesays.com\/de\/wp-json\/wp\/v2\/posts\/809891","targetHints":{"allow":["GET"]}}],"collection":[{"href":"https:\/\/www.europesays.com\/de\/wp-json\/wp\/v2\/posts"}],"about":[{"href":"https:\/\/www.europesays.com\/de\/wp-json\/wp\/v2\/types\/post"}],"author":[{"embeddable":true,"href":"https:\/\/www.europesays.com\/de\/wp-json\/wp\/v2\/users\/2"}],"replies":[{"embeddable":true,"href":"https:\/\/www.europesays.com\/de\/wp-json\/wp\/v2\/comments?post=809891"}],"version-history":[{"count":0,"href":"https:\/\/www.europesays.com\/de\/wp-json\/wp\/v2\/posts\/809891\/revisions"}],"wp:featuredmedia":[{"embeddable":true,"href":"https:\/\/www.europesays.com\/de\/wp-json\/wp\/v2\/media\/809892"}],"wp:attachment":[{"href":"https:\/\/www.europesays.com\/de\/wp-json\/wp\/v2\/media?parent=809891"}],"wp:term":[{"taxonomy":"category","embeddable":true,"href":"https:\/\/www.europesays.com\/de\/wp-json\/wp\/v2\/categories?post=809891"},{"taxonomy":"post_tag","embeddable":true,"href":"https:\/\/www.europesays.com\/de\/wp-json\/wp\/v2\/tags?post=809891"}],"curies":[{"name":"wp","href":"https:\/\/api.w.org\/{rel}","templated":true}]}}